{"id":641820,"date":"2026-08-20T22:17:20","date_gmt":"2026-08-20T22:17:20","guid":{"rendered":"https:\/\/www.europesays.com\/it\/641820\/"},"modified":"2026-08-20T22:17:20","modified_gmt":"2026-08-20T22:17:20","slug":"julian-alaphilippe-dice-basta-ritiro-immediato-a-34-anni-per-il-due-volte-campione-del-mondo","status":"publish","type":"post","link":"https:\/\/www.europesays.com\/it\/641820\/","title":{"rendered":"Julian Alaphilippe dice basta: ritiro immediato a 34 anni per il due volte campione del mondo"},"content":{"rendered":"<p class=\"PDq2pG_selectionAnchorContainer\" data-start=\"513\" data-end=\"1110\"><strong data-start=\"513\" data-end=\"598\">Julian Alaphilippe si ritira dal ciclismo professionistico con effetto immediato.<\/strong> A 34 anni il francese ha deciso di chiudere la propria carriera, rinunciando anche all\u2019ultimo anno di contratto che lo avrebbe legato alla <strong data-start=\"738\" data-end=\"784\">Tudor Pro Cycling fino al termine del 2027<\/strong>. La notizia, anticipata da L\u2019\u00c9quipe e gi\u00e0 rilanciata da Wielerflits, segna cos\u00ec la fine di una delle carriere pi\u00f9 iconiche del ciclismo degli ultimi anni. Il <strong data-start=\"947\" data-end=\"970\"><strong><a href=\"https:\/\/www.inbici.net\/?s=Tour+de+France&amp;post_type=post\" rel=\"nofollow noopener\" target=\"_blank\">Tour de France<\/a><\/strong> 2026<\/strong>, corso senza riuscire a ritrovare le sensazioni dei suoi anni migliori, \u00e8 stato dunque l\u2019ultimo appuntamento agonistico della sua carriera.<\/p>\n<p><strong data-start=\"1115\" data-end=\"1149\">\u201cNon aspettatevi di rivedermi\u201d<\/strong><\/p>\n<p data-start=\"1151\" data-end=\"1617\">I segnali erano gi\u00e0 arrivati durante l\u2019ultima Grande Boucle. Alla vigilia dell\u2019arrivo finale, parlando all\u2019Alpe d\u2019Huez, Alaphilippe aveva lasciato intendere che il suo futuro fosse tutt\u2019altro che scontato: \u201cNon c\u2019\u00e8 nulla di ufficiale, ma non bisogna aspettarsi di rivedermi\u201d. Quelle parole, ora, assumono un significato completamente diverso. Il Tour ha infatti contribuito a maturare una decisione che il francese aveva probabilmente iniziato a prendere da tempo.<\/p>\n<p data-start=\"1619\" data-end=\"2009\">Secondo quanto riferito da L\u2019\u00c9quipe, Alaphilippe <strong data-start=\"1670\" data-end=\"1715\">non si riconosce pi\u00f9 nel ciclismo attuale<\/strong> e le difficolt\u00e0 incontrate nell\u2019ultima Grande Boucle hanno avuto un peso importante. Il due volte campione del mondo ha provato anche a tornare in bicicletta dopo il Tour, ma il tentativo non ha avuto l\u2019esito sperato. A quel punto la decisione di fermarsi definitivamente \u00e8 diventata concreta.<\/p>\n<p><strong data-start=\"2014\" data-end=\"2051\">Addio a una carriera irripetibile<\/strong><\/p>\n<p data-start=\"2053\" data-end=\"2568\">Con Alaphilippe se ne va uno dei corridori pi\u00f9 spettacolari della sua generazione. Il francese ha conquistato per <strong data-start=\"2167\" data-end=\"2199\">due volte il titolo mondiale<\/strong>, nel 2020 e nel 2021, indossato per complessivi 18 giorni la maglia gialla al Tour de France e vinto tappe alla Grande Boucle e alla <strong><a href=\"https:\/\/www.inbici.net\/?s=Vuelta+a+Espa%C3%B1a&amp;post_type=post\" rel=\"nofollow noopener\" target=\"_blank\">Vuelta a Espa\u00f1a<\/a><\/strong>. Nel suo palmar\u00e8s figurano anche <strong data-start=\"2382\" data-end=\"2450\"><strong><a href=\"https:\/\/www.inbici.net\/?s=Strade+Bianche&amp;post_type=post\" rel=\"nofollow noopener\" target=\"_blank\">Strade Bianche<\/a><\/strong>, <strong><a href=\"https:\/\/www.inbici.net\/?s=Milano-Sanremo&amp;post_type=post\" rel=\"nofollow noopener\" target=\"_blank\">Milano-Sanremo<\/a><\/strong>, <strong><a href=\"https:\/\/www.inbici.net\/?s=Freccia+Vallone&amp;post_type=post\" rel=\"nofollow noopener\" target=\"_blank\">Freccia Vallone<\/a><\/strong> e Strade Bianche<\/strong>, oltre a una lunga serie di successi costruiti attraverso attacchi, fughe e azioni spesso impossibili da dimenticare.<\/p>\n<p data-start=\"2570\" data-end=\"2898\" data-is-last-node=\"\" data-is-only-node=\"\">Ora, per\u00f2, il sipario cala in anticipo. Il contratto con Tudor prevedeva ancora <strong data-start=\"2650\" data-end=\"2675\">una stagione nel 2027<\/strong>, ma Alaphilippe ha scelto di rinunciarvi e non prender\u00e0 pi\u00f9 parte ad alcuna gara nel 2026. Dopo oltre un decennio ai massimi livelli, il \u201cLoulou\u201d saluta cos\u00ec il gruppo: <strong data-start=\"2845\" data-end=\"2898\" data-is-last-node=\"\">il Tour de France \u00e8 stato davvero l\u2019ultimo ballo.<\/strong><\/p>\n<p><a class=\"gofollow\" data-track=\"MzMwLDE1LDYw\" href=\"https:\/\/www.sartoricostruzionisrl.com\/\" rel=\"nofollow noopener\" target=\"_blank\"><img loading=\"lazy\" decoding=\"async\" data-lazyloaded=\"1\" src=\"https:\/\/www.europesays.com\/it\/wp-content\/uploads\/2026\/07\/inbici.net-chatgpt-image-8-lug-2026-16-25-33-2.png\" width=\"1786\" height=\"428\"\/><\/a><\/p>\n","protected":false},"excerpt":{"rendered":"Julian Alaphilippe si ritira dal ciclismo professionistico con effetto immediato. A 34 anni il francese ha deciso di&hellip;\n","protected":false},"author":3,"featured_media":641821,"comment_status":"","ping_status":"","sticky":false,"template":"","format":"standard","meta":{"footnotes":"","_share_on_mastodon":"0"},"categories":[1456],"tags":[6772,54633,1824,248161,1825,1537,90,89,15392,354521,315630,245,244,1826,53496],"class_list":["post-641820","post","type-post","status-publish","format-standard","has-post-thumbnail","category-ciclismo","tag-6772","tag-campione-del-mondo","tag-ciclismo","tag-ciclismo-francese","tag-cycling","tag-it","tag-italia","tag-italy","tag-julian-alaphilippe","tag-ritiro-alaphilippe","tag-ritiro-ciclismo","tag-sport","tag-sports","tag-tour-de-france","tag-tudor-pro-cycling"],"share_on_mastodon":{"url":"https:\/\/pubeurope.com\/@it\/117130156964704070","error":""},"_links":{"self":[{"href":"https:\/\/www.europesays.com\/it\/wp-json\/wp\/v2\/posts\/641820","targetHints":{"allow":["GET"]}}],"collection":[{"href":"https:\/\/www.europesays.com\/it\/wp-json\/wp\/v2\/posts"}],"about":[{"href":"https:\/\/www.europesays.com\/it\/wp-json\/wp\/v2\/types\/post"}],"author":[{"embeddable":true,"href":"https:\/\/www.europesays.com\/it\/wp-json\/wp\/v2\/users\/3"}],"replies":[{"embeddable":true,"href":"https:\/\/www.europesays.com\/it\/wp-json\/wp\/v2\/comments?post=641820"}],"version-history":[{"count":0,"href":"https:\/\/www.europesays.com\/it\/wp-json\/wp\/v2\/posts\/641820\/revisions"}],"wp:featuredmedia":[{"embeddable":true,"href":"https:\/\/www.europesays.com\/it\/wp-json\/wp\/v2\/media\/641821"}],"wp:attachment":[{"href":"https:\/\/www.europesays.com\/it\/wp-json\/wp\/v2\/media?parent=641820"}],"wp:term":[{"taxonomy":"category","embeddable":true,"href":"https:\/\/www.europesays.com\/it\/wp-json\/wp\/v2\/categories?post=641820"},{"taxonomy":"post_tag","embeddable":true,"href":"https:\/\/www.europesays.com\/it\/wp-json\/wp\/v2\/tags?post=641820"}],"curies":[{"name":"wp","href":"https:\/\/api.w.org\/{rel}","templated":true}]}}