{"id":641932,"date":"2026-08-20T23:51:16","date_gmt":"2026-08-20T23:51:16","guid":{"rendered":"https:\/\/www.europesays.com\/it\/641932\/"},"modified":"2026-08-20T23:51:16","modified_gmt":"2026-08-20T23:51:16","slug":"la-regina-camilla-re-carlo-e-quei-giorni-in-cui-la-diagnosi-di-cancro-era-ancora-un-segreto-allimprovviso-ero-io-la-moglie-che-doveva-prendersi-cura-di-lui","status":"publish","type":"post","link":"https:\/\/www.europesays.com\/it\/641932\/","title":{"rendered":"La regina Camilla, re Carlo e quei giorni in cui la diagnosi di cancro era ancora un segreto: \u00abAll\u2019improvviso ero io la moglie che doveva prendersi cura di lui\u00bb"},"content":{"rendered":"<p>E ancora: \u00abHo guardato tutte le persone che soffrivano e tutti i loro familiari, e credo che questo mi abbia fatto capire ancora di pi\u00f9 quanto fossero importanti questi luoghi\u00bb, ha aggiunto Camilla parlando dell&#8217;importanza di un <strong>supporto psicologico per i pazienti e per i caregiver familiari,<\/strong> troppo spesso lasciati da soli a gestire le situazioni pi\u00f9 disparate e difficili. Quella visita da Maggie&#8217;s &#8211; ha rivelato la sovrana &#8211; fu diversa da tutte le altre: \u00abNormalmente, quando entro parlo semplicemente con loro\u00bb, ha dichiarato in riferimento ai pazienti, \u00abMa <strong>quella volta \u00e8 stato molto pi\u00f9 profondo\u00bb.<\/strong><\/p>\n<p>L&#8217;annuncio pubblico del cancro di <a href=\"https:\/\/www.vanityfair.it\/topic\/re-carlo\" isautogenerated=\"true\" rel=\"nofollow noopener\" target=\"_blank\">re Carlo<\/a> III sarebbe arrivato il <strong>5 febbraio 2024<\/strong>. Nessuna indiscrezione ulteriore venne diffusa all&#8217;epoca, n\u00e9 oggi si conosce esattamente la natura della sua malattia, anche se alcuni indizi riconducono alla prostata perch\u00e9 il cancro \u00e8 stato individuato dopo alcuni esami per un ingrossamento della stessa.<\/p>\n<p>Pur essendo <strong>ancora sotto trattamento,<\/strong> il re \u00e8 tornato da tempo ai suoi impegni pubblici e la situazione sarebbe migliorata, considerando il fatto che alla fine del 2025 Carlo aveva definito una <strong>\u00abbenedizione\u00bb<\/strong> il fatto che le cure fossero state ridotte. Il re, dal canto suo, non si \u00e8 mai perso d&#8217;animo. \u00abGuardate mio marito\u00bb, ha detto la regina nel video di Maggie&#8217;s, \u00ab<strong>Nulla lo ha fermato,<\/strong> ha semplicemente detto \u201cQuesto \u00e8 il mio modo di fare, me la caver\u00f2\u201d\u00bb. <a href=\"https:\/\/www.vanityfair.it\/article\/re-carlo-torna-al-lavoro-dopo-diagnosi-cancro-ho-ricevuto-messaggi-che-mi-hanno-fatto-piangere\" target=\"_blank\" rel=\"nofollow noopener\">Maniaco del lavoro, incapace di stare con le mani in mano,<\/a> Carlo III ha rispettato la sua natura, a volte anche andando contro i medici che gli imponevano riposo assoluto. Al suo fianco, come sempre, la moglie, consapevole di quanto sia importante non lasciare soli i malati.<\/p>\n","protected":false},"excerpt":{"rendered":"E ancora: \u00abHo guardato tutte le persone che soffrivano e tutti i loro familiari, e credo che questo&hellip;\n","protected":false},"author":3,"featured_media":641933,"comment_status":"","ping_status":"","sticky":false,"template":"","format":"standard","meta":{"footnotes":"","_share_on_mastodon":"0"},"categories":[174],"tags":[203,204,1537,90,89,10233,1447,19743],"class_list":["post-641932","post","type-post","status-publish","format-standard","has-post-thumbnail","category-intrattenimento","tag-entertainment","tag-intrattenimento","tag-it","tag-italia","tag-italy","tag-re-carlo","tag-reali","tag-regina-camilla"],"share_on_mastodon":{"url":"https:\/\/pubeurope.com\/@it\/117130525831488921","error":""},"_links":{"self":[{"href":"https:\/\/www.europesays.com\/it\/wp-json\/wp\/v2\/posts\/641932","targetHints":{"allow":["GET"]}}],"collection":[{"href":"https:\/\/www.europesays.com\/it\/wp-json\/wp\/v2\/posts"}],"about":[{"href":"https:\/\/www.europesays.com\/it\/wp-json\/wp\/v2\/types\/post"}],"author":[{"embeddable":true,"href":"https:\/\/www.europesays.com\/it\/wp-json\/wp\/v2\/users\/3"}],"replies":[{"embeddable":true,"href":"https:\/\/www.europesays.com\/it\/wp-json\/wp\/v2\/comments?post=641932"}],"version-history":[{"count":0,"href":"https:\/\/www.europesays.com\/it\/wp-json\/wp\/v2\/posts\/641932\/revisions"}],"wp:featuredmedia":[{"embeddable":true,"href":"https:\/\/www.europesays.com\/it\/wp-json\/wp\/v2\/media\/641933"}],"wp:attachment":[{"href":"https:\/\/www.europesays.com\/it\/wp-json\/wp\/v2\/media?parent=641932"}],"wp:term":[{"taxonomy":"category","embeddable":true,"href":"https:\/\/www.europesays.com\/it\/wp-json\/wp\/v2\/categories?post=641932"},{"taxonomy":"post_tag","embeddable":true,"href":"https:\/\/www.europesays.com\/it\/wp-json\/wp\/v2\/tags?post=641932"}],"curies":[{"name":"wp","href":"https:\/\/api.w.org\/{rel}","templated":true}]}}