{"id":642028,"date":"2026-08-21T01:26:18","date_gmt":"2026-08-21T01:26:18","guid":{"rendered":"https:\/\/www.europesays.com\/it\/642028\/"},"modified":"2026-08-21T01:26:18","modified_gmt":"2026-08-21T01:26:18","slug":"davide-stella-passa-professionista-promosso-con-la-uae-emirates-sara-compagno-di-pogacar","status":"publish","type":"post","link":"https:\/\/www.europesays.com\/it\/642028\/","title":{"rendered":"Davide Stella passa professionista! Promosso con la UAE Emirates, sar\u00e0 compagno di Pogacar"},"content":{"rendered":"<p><strong>Davide Stella passer\u00e0 tra i professionisti nel 2027<\/strong> e compir\u00e0 cos\u00ec il grande salto nel ciclismo che conta. Il <strong>20enne friulano<\/strong> correr\u00e0 in gruppo con la maglia della <strong>UAE Emirates XRG, la miglior formazione a livello internazionale<\/strong>: \u00e8 la squadra tra le cui fila milita il fenomeno assoluto <strong>Tadej Pogacar<\/strong> e che pu\u00f2 fare affidamento sul budget pi\u00f9 sostanzioso del circuito World Tour.<\/p>\n<p><strong>Si tratta di una promozione all\u2019interno della compagine emiratina<\/strong>, visto che il corridore italiano ha fatto parte della squadra sviluppo, la UAE Team Emirates Gen Z, nelle ultime due annate agonistiche. Nuovo tassello interessante per la compagine guidata da Mauro Giannetti, con l\u2019auspicio che possa crescere e diventare un prospetto interessante nel prossimo futuro.<\/p>\n<p><strong>Davide Stella ha dovuto fare i conti con un paio di incidenti durante la stagione in corso<\/strong> (a gennaio nella terza tappa dell\u2019AlUla Tour e a marzo in allenamento), ma gi\u00e0 a maggio si era rimesso il dorsale ed era subito riuscito a vincere una frazione della Volta a Portugal do Futuro e aveva preso parte al Giro d\u2019Italia Next Gen (si ritir\u00f2 alla sesta tappa), mentre a luglio aveva conquistato un argento nell\u2019omnium agli Europei su pista Jrs.\/U23.<\/p>\n<p><strong>L\u2019azzurro ha espresso la propria soddisfazione<\/strong>: \u201cQuesto passo avanti significa tantissimo per me. \u00c8 un sogno che coltivo fin da quando ero bambino e realizzarlo ora mi d\u00e0 la possibilit\u00e0 di fissare nuovi obiettivi e inseguire sogni ancora pi\u00f9 grandi insieme alla squadra. Passare al WorldTour dalla squadra Gen Z \u00e8 sempre stata la mia ambizione e credo che il tempo trascorso l\u00ec mi abbia offerto un ottimo percorso per compiere il passo successivo nella mia carriera. \u00c8 stata una stagione difficile, ma ho lavorato sodo per ribaltare la situazione e sono molto grato a tutte le persone fantastiche che mi circondano e alla squadra per aver reso possibile tutto questo\u201c.<\/p>\n","protected":false},"excerpt":{"rendered":"Davide Stella passer\u00e0 tra i professionisti nel 2027 e compir\u00e0 cos\u00ec il grande salto nel ciclismo che conta.&hellip;\n","protected":false},"author":3,"featured_media":642029,"comment_status":"","ping_status":"","sticky":false,"template":"","format":"standard","meta":{"footnotes":"","_share_on_mastodon":"0"},"categories":[1456],"tags":[1824,1825,117176,1537,90,89,245,244],"class_list":["post-642028","post","type-post","status-publish","format-standard","has-post-thumbnail","category-ciclismo","tag-ciclismo","tag-cycling","tag-davide-stella","tag-it","tag-italia","tag-italy","tag-sport","tag-sports"],"share_on_mastodon":{"url":"https:\/\/pubeurope.com\/@it\/117130899364743283","error":""},"_links":{"self":[{"href":"https:\/\/www.europesays.com\/it\/wp-json\/wp\/v2\/posts\/642028","targetHints":{"allow":["GET"]}}],"collection":[{"href":"https:\/\/www.europesays.com\/it\/wp-json\/wp\/v2\/posts"}],"about":[{"href":"https:\/\/www.europesays.com\/it\/wp-json\/wp\/v2\/types\/post"}],"author":[{"embeddable":true,"href":"https:\/\/www.europesays.com\/it\/wp-json\/wp\/v2\/users\/3"}],"replies":[{"embeddable":true,"href":"https:\/\/www.europesays.com\/it\/wp-json\/wp\/v2\/comments?post=642028"}],"version-history":[{"count":0,"href":"https:\/\/www.europesays.com\/it\/wp-json\/wp\/v2\/posts\/642028\/revisions"}],"wp:featuredmedia":[{"embeddable":true,"href":"https:\/\/www.europesays.com\/it\/wp-json\/wp\/v2\/media\/642029"}],"wp:attachment":[{"href":"https:\/\/www.europesays.com\/it\/wp-json\/wp\/v2\/media?parent=642028"}],"wp:term":[{"taxonomy":"category","embeddable":true,"href":"https:\/\/www.europesays.com\/it\/wp-json\/wp\/v2\/categories?post=642028"},{"taxonomy":"post_tag","embeddable":true,"href":"https:\/\/www.europesays.com\/it\/wp-json\/wp\/v2\/tags?post=642028"}],"curies":[{"name":"wp","href":"https:\/\/api.w.org\/{rel}","templated":true}]}}