{"id":642092,"date":"2026-08-21T02:33:18","date_gmt":"2026-08-21T02:33:18","guid":{"rendered":"https:\/\/www.europesays.com\/it\/642092\/"},"modified":"2026-08-21T02:33:18","modified_gmt":"2026-08-21T02:33:18","slug":"francesco-chiofalo-in-ospedale-e-stato-morso-due-volte-dal-ragno-violino","status":"publish","type":"post","link":"https:\/\/www.europesays.com\/it\/642092\/","title":{"rendered":"Francesco Chiofalo in ospedale, \u00e8 stato morso due volte dal ragno violino"},"content":{"rendered":"<p>Si torna preoccuparsi del <strong>ragno violino<\/strong>, l\u2019aracnide tra i pi\u00f9 pericolosi presenti in Italia. A parlarne \u00e8 Francesco Chiofalo, che proprio a causa di due morsi di ragno violino \u00e8 stato costretto a una corsa al pronto soccorso. \u201cLa mia estate \u00e8 finita\u201d racconta su Instagram l\u2019ex di Temptation Island, mostrando le <strong>brutte ferite<\/strong> rimaste sulle gambe e che dovranno essere \u201ctenute sotto controllo\u201d.\n<\/p>\n<p>La corsa in ospedale di Francesco Chiofalo<\/p>\n<p>Stavolta <a href=\"https:\/\/dilei.it\/star-e-vip\/francesco-chiofalo\/\" rel=\"nofollow noopener\" target=\"_blank\">Francesco Chiofalo<\/a> non si trova in ospedale per l\u2019ennessimo intervento di chirurgia estetica, il soggiorno nella struttura sanitaria \u00e8 stato imprevisto e decisamente non desiderato. \u201c<strong>Peggio di cos\u00ec non poteva andare<\/strong>\u2026 \u00c8 finita la mia estate\u2026\u201d: ha scritto in una storia Instagram che lo mostra nelle corsie del pronto soccorso.<\/p>\n<p>Poco dopo, sul suo profilo social, il 37enne noto per la partecipazione a Temptation Island ha spiegato la causa del ricovero. \u201cSono stato <strong>morso a tutte e due le gambe dal ragno violino<\/strong>\u2026 Per questo sono finito al pronto soccorso\u2026\u201d. Con le corrette cure mediche, la situazione si \u00e8 stabilizzata, ma resta la paura e la necessit\u00e0 di ulteriori accertamenti.<\/p>\n<p>\u201cPer ora sembra che io stia meglio, \u2013 ha raccontato Chiofalo detto Lenticchio \u2013 anche se le <strong>ferite generate dal morso<\/strong> del ragno non sono guarite anzi sono piuttosto brutte e devono essere tenute sotto osservazione\u2026\u201d.<\/p>\n<p>Il morso del ragno violino<\/p>\n<p>Cogliendo l\u2019occasione \u201cper ringraziare tutte le persone che mi hanno scritto preoccupate per inviarmi un messaggio di supporto\u2026Grazie davvero\u2026\u201d, Chiofalo ha promesso di raccontare ai propri, numerosissimi (si supera il milione e 8 di follower), \u201ctutto <strong>quello che \u00e8 successo nel dettaglio<\/strong> e cosa fare qualora vi troviate nella mia stessa situazione\u201d.<\/p>\n<p>Fa bene l\u2019influencer a mettere in guardia sul morso dell\u2019insetto, perch\u00e9 si tratta di una delle due specie autoctone in Italia il cui morso ha una <strong>rilevanza medica<\/strong> \u2013 l\u2019altra \u00e8 la cosiddetta vedova nera mediterranea. Seppur nella maggior parte dei casi il veleno rilasciato dal ragno non comporti grave conseguenze, a volte i morsi possono essere causa di arrossamento, gonfiore e prurito.<\/p>\n<p>Nei casi pi\u00f9 gravi, come quello di Francesco Chiofalo, la ferita pu\u00f2 trasformarsi anche in una vera e propria lesione con <strong>reazioni emorragiche o necrotiche<\/strong>. Fare ci\u00f2 che ha fatto l\u2019influencer capitolino \u00e8 la scelta pi\u00f9 saggia: appena si notano ferite anomali, o che non sembrano rimarginarsi a dovere, \u00e8 sempre bene ricorrere al pi\u00f9 presto a un consulto medico.<\/p>\n<p>Si torna a parlare di Lenticchio<\/p>\n<p>La prima volta che l\u2019Italia intera ebbe il piacere di conoscere Francesco Chiofalo fu nel 2017, quando partecip\u00f2 come concorrente a Temptation Island assieme all\u2019allora fidanzata <strong>Selvaggia Roma<\/strong>. Non trovato posto in tv, Lenticchio ha iniziato a costruire la propria strada sui social, diventando uno <a href=\"https:\/\/dilei.it\/vip\/francesco-chiofalo-verita-presunti-guadagni\/2466352\/\" rel=\"nofollow noopener\" target=\"_blank\">tra gli influencer pi\u00f9 seguiti d\u2019Italia<\/a>.<\/p>\n<p>Di lui si \u00e8 parlato in particolare nel 2024, quando scelse di sottoporsi a un intervento di cheratopigmentazione per <strong>modificare il colore degli occhi<\/strong>, e passare da un marrone scuro a un azzurro allucinato. In seguito pens\u00f2 di ricorrere all\u2019operazione in grado di allungare di qualche centimentro gli arti inferiori, ma rinunci\u00f2 spaventato dalla complessit\u00e0 della procedura e al doloroso decorso post-operatorio.<\/p>\n<p>\t\t\t\tScopri i personaggi in trend, le storie del momento e molto altro.<br \/>Dove? Sul <a href=\"https:\/\/whatsapp.com\/channel\/0029Vb68mVyHVvTWezDm7d0R\" target=\"_blank\" rel=\"noopener nofollow\">canale WhatsApp di DiLei!<\/a><\/p>\n<p>\t\t\t<a class=\"buttonCall\" href=\"https:\/\/whatsapp.com\/channel\/0029Vb68mVyHVvTWezDm7d0R\" target=\"_blank\" rel=\"noopener nofollow\" title=\"Seguici su WhatsApp\"><br \/>\n\t\t\t\tSeguici su WhatsApp<br \/>\n\t\t\t<\/a><\/p>\n","protected":false},"excerpt":{"rendered":"Si torna preoccuparsi del ragno violino, l\u2019aracnide tra i pi\u00f9 pericolosi presenti in Italia. A parlarne \u00e8 Francesco&hellip;\n","protected":false},"author":3,"featured_media":642093,"comment_status":"","ping_status":"","sticky":false,"template":"","format":"standard","meta":{"footnotes":"","_share_on_mastodon":"0"},"categories":[174],"tags":[203,102447,204,1537,90,89,9240,86],"class_list":["post-642092","post","type-post","status-publish","format-standard","has-post-thumbnail","category-intrattenimento","tag-entertainment","tag-francesco-chiofalo","tag-intrattenimento","tag-it","tag-italia","tag-italy","tag-uomini-e-donne","tag-vip"],"share_on_mastodon":{"url":"https:\/\/pubeurope.com\/@it\/117131163110253285","error":""},"_links":{"self":[{"href":"https:\/\/www.europesays.com\/it\/wp-json\/wp\/v2\/posts\/642092","targetHints":{"allow":["GET"]}}],"collection":[{"href":"https:\/\/www.europesays.com\/it\/wp-json\/wp\/v2\/posts"}],"about":[{"href":"https:\/\/www.europesays.com\/it\/wp-json\/wp\/v2\/types\/post"}],"author":[{"embeddable":true,"href":"https:\/\/www.europesays.com\/it\/wp-json\/wp\/v2\/users\/3"}],"replies":[{"embeddable":true,"href":"https:\/\/www.europesays.com\/it\/wp-json\/wp\/v2\/comments?post=642092"}],"version-history":[{"count":0,"href":"https:\/\/www.europesays.com\/it\/wp-json\/wp\/v2\/posts\/642092\/revisions"}],"wp:featuredmedia":[{"embeddable":true,"href":"https:\/\/www.europesays.com\/it\/wp-json\/wp\/v2\/media\/642093"}],"wp:attachment":[{"href":"https:\/\/www.europesays.com\/it\/wp-json\/wp\/v2\/media?parent=642092"}],"wp:term":[{"taxonomy":"category","embeddable":true,"href":"https:\/\/www.europesays.com\/it\/wp-json\/wp\/v2\/categories?post=642092"},{"taxonomy":"post_tag","embeddable":true,"href":"https:\/\/www.europesays.com\/it\/wp-json\/wp\/v2\/tags?post=642092"}],"curies":[{"name":"wp","href":"https:\/\/api.w.org\/{rel}","templated":true}]}}