{"id":642155,"date":"2026-08-21T03:41:24","date_gmt":"2026-08-21T03:41:24","guid":{"rendered":"https:\/\/www.europesays.com\/it\/642155\/"},"modified":"2026-08-21T03:41:24","modified_gmt":"2026-08-21T03:41:24","slug":"il-trofeo-buffoni-verso-il-tradizionale-grande-successo","status":"publish","type":"post","link":"https:\/\/www.europesays.com\/it\/642155\/","title":{"rendered":"IL TROFEO BUFFONI VERSO IL TRADIZIONALE GRANDE SUCCESSO"},"content":{"rendered":"<p>            <a class=\"category\" href=\"https:\/\/www.tuttobiciweb.it\/articles\/category\/JUNIORES\" itemprop=\"about\" rel=\"nofollow noopener\" target=\"_blank\">JUNIORES<\/a> | 20\/08\/2026 | 08:00<br \/>\n            <a class=\"author\" href=\"https:\/\/www.tuttobiciweb.it\/articles\/author\/Antonio%20Mannori\" rel=\"nofollow noopener\" target=\"_blank\">di Antonio Mannori<\/a><\/p>\n<p>Dopo la presentazione nella Sala Pegaso della Regione Toscana a Firenze, <strong>serata di gala per il 57\u00b0 Trofeo Buffoni presso Villa Schiff sede del Comune di Montignoso.<\/strong> Manca meno di un mese alla gara internazionale del 13 settembre che si avvia come al solito a riscuotere il solito grande successo di partecipazione come quantit\u00e0 (<strong>saranno in 176 che \u00e8 il numero massimo per 36 squadre<\/strong>) sia come qualit\u00e0.\n            <\/p>\n<p>Un appuntamento prestigioso che rappresenta una straordinaria vetrina internazionale, e <strong>un\u2019importante occasione di crescita per tanti giovani atleti di 17 e 18 anni che saranno i protagonisti del ciclismo di domani.<\/strong> Grande la soddisfazione espressa anche dal presidente del gruppo Francesco Buffoni, che organizza la corsa, Fabio Del Giudice, sia per la collaborazione e l\u2019apporto della Regione Toscana che delle amministrazioni comunali di Forte dei Marmi, localit\u00e0 di partenza e di Montignoso per l\u2019arrivo. Per l\u2019edizione di quest\u2019anno a Forte dei Marmi in Piazza Garibaldi sede di ritrovo, verr\u00e0 allestita una struttura a carico del Comune che ospiter\u00e0 le attivit\u00e0 legate alla gara. E veniamo ai partecipanti ricordando che saranno dieci le nazionali presenti: Germania, Slovenia, Colombia, Messico, Kazakistan, Polonia, Francia, Regno Unito, Paesi Bassi e Svizzera, a cui si aggiungeranno i migliori juniores italiani.\n            <\/p>\n<p><strong>Naturalmente confermato il percorso classico di 135 chilometri e 400 metri,<\/strong> con partenza ufficiale alle 13.30 dal ponte sul fiume Versilia in localit\u00e0 Cinquale dopo una breve tratto di trasferimento. In avvio di gara per quattro volte il circuito della Versilia (Forte dei Marmi-Cinquale-Bonotti-Querceta-Forte dei Marmi) seguito da quello della Fortezza (Bonotti-Fortezza-Strettoia-Bonotti) da ripetere per sei volte, con arrivo in leggera salita a Villa Schiff, dove nel 2025 s\u2019impose il francese Nolan Pedersoli su Bernardi e Pascarella.<\/p>\n<p>\n    <a href=\"https:\/\/www.tuttobiciweb.it\/article\/2026\/08\/20\/1787154149\/cycling-buffoni-trophy-juniors-international-races-montignoso?lang=en\" rel=\"nofollow noopener\" target=\"_blank\"><img decoding=\"async\" src=\"https:\/\/www.europesays.com\/it\/wp-content\/uploads\/2025\/12\/enver.png\"\/><\/a><\/p>\n<p>Copyright &amp;copy TBW<\/p>\n","protected":false},"excerpt":{"rendered":"JUNIORES | 20\/08\/2026 | 08:00 di Antonio Mannori Dopo la presentazione nella Sala Pegaso della Regione Toscana a&hellip;\n","protected":false},"author":3,"featured_media":642156,"comment_status":"","ping_status":"","sticky":false,"template":"","format":"standard","meta":{"footnotes":"","_share_on_mastodon":"0"},"categories":[1456],"tags":[1824,1825,146484,1537,90,89,7720,353888,245,244,75777],"class_list":["post-642155","post","type-post","status-publish","format-standard","has-post-thumbnail","category-ciclismo","tag-ciclismo","tag-cycling","tag-gare-internazionali","tag-it","tag-italia","tag-italy","tag-juniores","tag-montignoso","tag-sport","tag-sports","tag-trofeo-buffoni"],"share_on_mastodon":{"url":"https:\/\/pubeurope.com\/@it\/117131430109733212","error":""},"_links":{"self":[{"href":"https:\/\/www.europesays.com\/it\/wp-json\/wp\/v2\/posts\/642155","targetHints":{"allow":["GET"]}}],"collection":[{"href":"https:\/\/www.europesays.com\/it\/wp-json\/wp\/v2\/posts"}],"about":[{"href":"https:\/\/www.europesays.com\/it\/wp-json\/wp\/v2\/types\/post"}],"author":[{"embeddable":true,"href":"https:\/\/www.europesays.com\/it\/wp-json\/wp\/v2\/users\/3"}],"replies":[{"embeddable":true,"href":"https:\/\/www.europesays.com\/it\/wp-json\/wp\/v2\/comments?post=642155"}],"version-history":[{"count":0,"href":"https:\/\/www.europesays.com\/it\/wp-json\/wp\/v2\/posts\/642155\/revisions"}],"wp:featuredmedia":[{"embeddable":true,"href":"https:\/\/www.europesays.com\/it\/wp-json\/wp\/v2\/media\/642156"}],"wp:attachment":[{"href":"https:\/\/www.europesays.com\/it\/wp-json\/wp\/v2\/media?parent=642155"}],"wp:term":[{"taxonomy":"category","embeddable":true,"href":"https:\/\/www.europesays.com\/it\/wp-json\/wp\/v2\/categories?post=642155"},{"taxonomy":"post_tag","embeddable":true,"href":"https:\/\/www.europesays.com\/it\/wp-json\/wp\/v2\/tags?post=642155"}],"curies":[{"name":"wp","href":"https:\/\/api.w.org\/{rel}","templated":true}]}}