{"id":642421,"date":"2026-08-21T08:04:19","date_gmt":"2026-08-21T08:04:19","guid":{"rendered":"https:\/\/www.europesays.com\/it\/642421\/"},"modified":"2026-08-21T08:04:19","modified_gmt":"2026-08-21T08:04:19","slug":"ponti-2026-2027-con-5-giorni-di-ferie-se-ne-ottengono-14-liberi-le-date-da-segnare-in-calendario-mese-per-mese","status":"publish","type":"post","link":"https:\/\/www.europesays.com\/it\/642421\/","title":{"rendered":"Ponti 2026-2027: con 5 giorni di ferie se ne ottengono 14 liberi. Le date da segnare in calendario mese per mese"},"content":{"rendered":"<p>Per molti lavoratori l&#8217;estate si \u00e8 gi\u00e0 conclusa, per altri sta per farlo. In entrambi i casi, terminato questo periodo di riposo, \u00e8 naturale iniziare a guardare al <strong>calendario<\/strong> in cerca della prossima occasione per fermarsi. Prima della fine del 2026, questa occasione esiste, e richiede un numero limitato di giorni di <strong>ferie<\/strong>.<\/p>\n<p> Tra settembre e novembre <\/p>\n<p>Tra la fine dell&#8217;estate e l&#8217;autunno il calendario offre poche possibilit\u00e0. Ognissanti cadr\u00e0 domenica 1\u00b0 novembre 2026, e per chi lavora dal luned\u00ec al venerd\u00ec questo significa che la festivit\u00e0 non si tradurr\u00e0 in un giorno libero aggiuntivo rispetto al normale weekend.<\/p>\n","protected":false},"excerpt":{"rendered":"Per molti lavoratori l&#8217;estate si \u00e8 gi\u00e0 conclusa, per altri sta per farlo. In entrambi i casi, terminato&hellip;\n","protected":false},"author":3,"featured_media":642422,"comment_status":"","ping_status":"","sticky":false,"template":"","format":"standard","meta":{"footnotes":"","_share_on_mastodon":"0"},"categories":[6],"tags":[14,8,140608,1537,90,89,4050,7,15,82,9,83,10,12991,13,11,80,84,12,81,85],"class_list":["post-642421","post","type-post","status-publish","format-standard","has-post-thumbnail","category-ultime-notizie","tag-cronaca","tag-headlines","tag-immacolata","tag-it","tag-italia","tag-italy","tag-natale","tag-news","tag-notizie","tag-notizie-di-cronaca","tag-notizie-principali","tag-notiziedicronaca","tag-notizieprincipali","tag-ponte","tag-titoli","tag-ultime-notizie","tag-ultime-notizie-di-cronaca","tag-ultime-notizie-e-news-di-oggi","tag-ultimenotizie","tag-ultimenotiziedicronaca","tag-ultimenotizieenewsdioggi"],"share_on_mastodon":{"url":"https:\/\/pubeurope.com\/@it\/117132464306203936","error":""},"_links":{"self":[{"href":"https:\/\/www.europesays.com\/it\/wp-json\/wp\/v2\/posts\/642421","targetHints":{"allow":["GET"]}}],"collection":[{"href":"https:\/\/www.europesays.com\/it\/wp-json\/wp\/v2\/posts"}],"about":[{"href":"https:\/\/www.europesays.com\/it\/wp-json\/wp\/v2\/types\/post"}],"author":[{"embeddable":true,"href":"https:\/\/www.europesays.com\/it\/wp-json\/wp\/v2\/users\/3"}],"replies":[{"embeddable":true,"href":"https:\/\/www.europesays.com\/it\/wp-json\/wp\/v2\/comments?post=642421"}],"version-history":[{"count":0,"href":"https:\/\/www.europesays.com\/it\/wp-json\/wp\/v2\/posts\/642421\/revisions"}],"wp:featuredmedia":[{"embeddable":true,"href":"https:\/\/www.europesays.com\/it\/wp-json\/wp\/v2\/media\/642422"}],"wp:attachment":[{"href":"https:\/\/www.europesays.com\/it\/wp-json\/wp\/v2\/media?parent=642421"}],"wp:term":[{"taxonomy":"category","embeddable":true,"href":"https:\/\/www.europesays.com\/it\/wp-json\/wp\/v2\/categories?post=642421"},{"taxonomy":"post_tag","embeddable":true,"href":"https:\/\/www.europesays.com\/it\/wp-json\/wp\/v2\/tags?post=642421"}],"curies":[{"name":"wp","href":"https:\/\/api.w.org\/{rel}","templated":true}]}}