{"id":642482,"date":"2026-08-21T08:53:12","date_gmt":"2026-08-21T08:53:12","guid":{"rendered":"https:\/\/www.europesays.com\/it\/642482\/"},"modified":"2026-08-21T08:53:12","modified_gmt":"2026-08-21T08:53:12","slug":"beautiful-tornano-le-nuove-puntate-cosa-succedera-hope-licenziata-la-guerra-per-la-forrester-e-i-nuovi-personaggi","status":"publish","type":"post","link":"https:\/\/www.europesays.com\/it\/642482\/","title":{"rendered":"Beautiful, tornano le nuove puntate. Cosa succeder\u00e0: Hope licenziata, la guerra per la Forrester e i nuovi personaggi"},"content":{"rendered":"<p>Le repliche stanno per finire e per <strong><a href=\"https:\/\/www.ilmessaggero.it\/t\/beautiful\" rel=\"nofollow noopener\" target=\"_blank\">Beautiful<\/a><\/strong> \u00e8 arrivato il momento di ripartire. Dopo la pausa estiva dagli episodi in prima visione, <strong>luned\u00ec 24 agosto<\/strong> <a href=\"https:\/\/www.ilmessaggero.it\/t\/canale-5\" rel=\"nofollow noopener\" target=\"_blank\">Canale 5<\/a> torner\u00e0 a trasmettere le nuove puntate della soap americana nella consueta fascia delle 13.40. E non sar\u00e0 una ripartenza tranquilla. Le trame che stanno per arrivare in Italia porteranno a uno dei pi\u00f9 grandi sconvolgimenti degli ultimi anni alla Forrester Creations: <strong>Hope verr\u00e0 licenziata, Carter si ribeller\u00e0 ai Forrester e arriver\u00e0 addirittura a sottrarre loro il controllo dell&#8217;azienda<\/strong>. Nel frattempo entreranno in scena nuovi personaggi, nascer\u00e0 una giovane storia d&#8217;amore e Brooke e Ridge si ritroveranno ancora una volta su fronti opposti.<\/p>\n","protected":false},"excerpt":{"rendered":"Le repliche stanno per finire e per Beautiful \u00e8 arrivato il momento di ripartire. Dopo la pausa estiva&hellip;\n","protected":false},"author":3,"featured_media":642483,"comment_status":"","ping_status":"","sticky":false,"template":"","format":"standard","meta":{"footnotes":"","_share_on_mastodon":"0"},"categories":[174],"tags":[190251,294787,179238,89886,16275,16290,349610,92063,203,204,1537,90,89,11099],"class_list":["post-642482","post","type-post","status-publish","format-standard","has-post-thumbnail","category-intrattenimento","tag-anticipazioni-beautiful","tag-anticipazioni-domani","tag-anticipazioni-oggi","tag-anticipazioni-tv","tag-beautiful","tag-beautiful-anticipazioni","tag-beautiful-nuove-puntate","tag-domani-in-tv","tag-entertainment","tag-intrattenimento","tag-it","tag-italia","tag-italy","tag-oggi-in-tv"],"share_on_mastodon":{"url":"https:\/\/pubeurope.com\/@it\/117132657262049012","error":""},"_links":{"self":[{"href":"https:\/\/www.europesays.com\/it\/wp-json\/wp\/v2\/posts\/642482","targetHints":{"allow":["GET"]}}],"collection":[{"href":"https:\/\/www.europesays.com\/it\/wp-json\/wp\/v2\/posts"}],"about":[{"href":"https:\/\/www.europesays.com\/it\/wp-json\/wp\/v2\/types\/post"}],"author":[{"embeddable":true,"href":"https:\/\/www.europesays.com\/it\/wp-json\/wp\/v2\/users\/3"}],"replies":[{"embeddable":true,"href":"https:\/\/www.europesays.com\/it\/wp-json\/wp\/v2\/comments?post=642482"}],"version-history":[{"count":0,"href":"https:\/\/www.europesays.com\/it\/wp-json\/wp\/v2\/posts\/642482\/revisions"}],"wp:featuredmedia":[{"embeddable":true,"href":"https:\/\/www.europesays.com\/it\/wp-json\/wp\/v2\/media\/642483"}],"wp:attachment":[{"href":"https:\/\/www.europesays.com\/it\/wp-json\/wp\/v2\/media?parent=642482"}],"wp:term":[{"taxonomy":"category","embeddable":true,"href":"https:\/\/www.europesays.com\/it\/wp-json\/wp\/v2\/categories?post=642482"},{"taxonomy":"post_tag","embeddable":true,"href":"https:\/\/www.europesays.com\/it\/wp-json\/wp\/v2\/tags?post=642482"}],"curies":[{"name":"wp","href":"https:\/\/api.w.org\/{rel}","templated":true}]}}