{"id":642596,"date":"2026-08-21T10:16:14","date_gmt":"2026-08-21T10:16:14","guid":{"rendered":"https:\/\/www.europesays.com\/it\/642596\/"},"modified":"2026-08-21T10:16:14","modified_gmt":"2026-08-21T10:16:14","slug":"ryanair-lancia-la-promo-invernale-per-una-fuga-al-caldo-a-prezzi-top","status":"publish","type":"post","link":"https:\/\/www.europesays.com\/it\/642596\/","title":{"rendered":"Ryanair lancia la promo invernale per una fuga al caldo a prezzi top"},"content":{"rendered":"<p>Non siete riusciti ad andare in vacanza al mare durante l\u2019estate? Via quei musi tristi, perch\u00e9 l\u2019<strong>inverno 2026<\/strong> pu\u00f2 essere l\u2019occasione perfetta per concedersi una pausa al caldo e a tal proposito ci pensa <strong>Ryanair<\/strong> a lanciare una nuova <strong>promozione<\/strong> pensata proprio per chi vuole inseguire il sole anche nei mesi pi\u00f9 freddi. La compagnia aerea low cost propone infatti <strong>tariffe scontate del 10%<\/strong> per viaggiare <strong>tra novembre 2026 e marzo 2027<\/strong>, con diverse destinazioni europee disponibili a prezzi particolarmente convenienti.<\/p>\n<p>La promozione <strong>\u201cInsegui il sole d\u2019inverno\u201d<\/strong> permette di <strong>prenotare entro il 24 agosto 2026<\/strong> per volare nel periodo compreso tra l\u20191 novembre 2026 e il 31 marzo 2027. Tra le proposte spiccano alcune rotte dall\u2019Italia verso destinazioni ideali per una fuga invernale, dalla <strong>Spagna<\/strong> alla <strong>Grecia<\/strong> fino al <strong>Mediterraneo<\/strong>.\n<\/p>\n<p>Da Milano Bergamo a Saragozza<\/p>\n<p>Tra le tariffe pi\u00f9 interessanti della promozione c\u2019\u00e8 quella per Saragozza, raggiungibile da Milano Bergamo con<strong> voli a partire da 23,99 euro<\/strong>. Capoluogo dell\u2019Aragona, Saragozza \u00e8 una destinazione perfetta per una fuga cittadina fuori dalle rotte pi\u00f9 battute della <a href=\"https:\/\/siviaggia.it\/notizie\/nuova-compagnia-low-cost-fly2galicia-voli-milano-venezia\/599823\/\" rel=\"nofollow noopener\" target=\"_blank\">Spagna<\/a>.<\/p>\n<p>La citt\u00e0 conserva un patrimonio storico e architettonico particolarmente ricco, con la spettacolare <strong>Basilica del Pilar<\/strong> affacciata sul fiume Ebro, il centro storico e testimonianze delle diverse civilt\u00e0 che hanno attraversato la citt\u00e0. Il periodo invernale pu\u00f2 essere particolarmente interessante per visitarla con ritmi pi\u00f9 tranquilli, alternando passeggiate nel centro storico, tapas e specialit\u00e0 della cucina aragonese.<\/p>\n<p>Da Roma Fiumicino a Salonicco<\/p>\n<p>Per chi parte dalla Capitale, la promozione porta invece a <a href=\"https:\/\/siviaggia.it\/idee-di-viaggio\/salonicco-le-cose-piu-belle-da-vedere-nei-dintorni\/123315\/\" rel=\"nofollow noopener\" target=\"_blank\">Salonicco<\/a>, in <strong>Grecia<\/strong>, con voli da Roma Fiumicino <strong>a partire da 34,99 euro<\/strong>. La seconda citt\u00e0 greca \u00e8 una meta ideale per chi cerca un viaggio che unisca storia, cultura, gastronomia e atmosfera mediterranea. Tra i simboli cittadini spicca <strong>la Torre Bianca, affacciata sul lungomare<\/strong>, mentre il centro storico permette di scoprire le tracce delle epoche romana, bizantina e ottomana.<\/p>\n<p>Anche nei mesi pi\u00f9 freschi Salonicco conserva d\u2019altronde un\u2019atmosfera vivace, grazie ai suoi ristoranti, caff\u00e8 e locali. La citt\u00e0 \u00e8 inoltre conosciuta per la sua <strong>scena gastronomica e culturale<\/strong>. Una soluzione da considerare, quindi, per chi vuole concedersi qualche giorno in Grecia senza aspettare l\u2019arrivo della primavera.<\/p>\n<p>Da Cagliari a Malta<\/p>\n<p>Dalla <a href=\"https:\/\/siviaggia.it\/posti-incredibili\/gairo-vecchio-borgo-fantasma-sardegna\/599226\/\" rel=\"nofollow noopener\" target=\"_blank\">Sardegna<\/a>, invece, la promozione Ryanair permette di puntare verso Malta, con voli da Cagliari <strong>a partire da 27,99 euro<\/strong>. L\u2019isola maltese \u00e8 una delle destinazioni mediterranee pi\u00f9 <strong>adatte a una fuga fuori stagione<\/strong>: anche durante l\u2019inverno il clima generalmente pi\u00f9 mite rispetto a molte altre localit\u00e0 europee permette di alternare visite culturali e passeggiate all\u2019aperto.<\/p>\n<p>Tra le tappe da non perdere ci sono naturalmente <strong>La Valletta<\/strong>, con le sue strade storiche e gli edifici barocchi, le antiche citt\u00e0 di <strong>Mdina e Rabat<\/strong> (naturalmente, in questo caso, non la capitale del Marocco) e le coste dell\u2019isola, particolarmente suggestive quando la folla estiva lascia spazio a un\u2019atmosfera pi\u00f9 tranquilla.<\/p>\n","protected":false},"excerpt":{"rendered":"Non siete riusciti ad andare in vacanza al mare durante l\u2019estate? Via quei musi tristi, perch\u00e9 l\u2019inverno 2026&hellip;\n","protected":false},"author":3,"featured_media":642597,"comment_status":"","ping_status":"","sticky":false,"template":"","format":"standard","meta":{"footnotes":"","_share_on_mastodon":"0"},"categories":[172],"tags":[178,177,183,330866,1537,90,89,146599,32620,2050,7145,15,5859],"class_list":["post-642596","post","type-post","status-publish","format-standard","has-post-thumbnail","category-affari","tag-affari","tag-business","tag-compagnie-aeree","tag-cosa-fare-a-dicembre","tag-it","tag-italia","tag-italy","tag-le-migliori-offerte-di-viaggio","tag-luxury","tag-mare","tag-mediterraneo","tag-notizie","tag-viaggi-relax"],"share_on_mastodon":{"url":"https:\/\/pubeurope.com\/@it\/117132983495866060","error":""},"_links":{"self":[{"href":"https:\/\/www.europesays.com\/it\/wp-json\/wp\/v2\/posts\/642596","targetHints":{"allow":["GET"]}}],"collection":[{"href":"https:\/\/www.europesays.com\/it\/wp-json\/wp\/v2\/posts"}],"about":[{"href":"https:\/\/www.europesays.com\/it\/wp-json\/wp\/v2\/types\/post"}],"author":[{"embeddable":true,"href":"https:\/\/www.europesays.com\/it\/wp-json\/wp\/v2\/users\/3"}],"replies":[{"embeddable":true,"href":"https:\/\/www.europesays.com\/it\/wp-json\/wp\/v2\/comments?post=642596"}],"version-history":[{"count":0,"href":"https:\/\/www.europesays.com\/it\/wp-json\/wp\/v2\/posts\/642596\/revisions"}],"wp:featuredmedia":[{"embeddable":true,"href":"https:\/\/www.europesays.com\/it\/wp-json\/wp\/v2\/media\/642597"}],"wp:attachment":[{"href":"https:\/\/www.europesays.com\/it\/wp-json\/wp\/v2\/media?parent=642596"}],"wp:term":[{"taxonomy":"category","embeddable":true,"href":"https:\/\/www.europesays.com\/it\/wp-json\/wp\/v2\/categories?post=642596"},{"taxonomy":"post_tag","embeddable":true,"href":"https:\/\/www.europesays.com\/it\/wp-json\/wp\/v2\/tags?post=642596"}],"curies":[{"name":"wp","href":"https:\/\/api.w.org\/{rel}","templated":true}]}}