{"id":642710,"date":"2026-08-21T11:55:28","date_gmt":"2026-08-21T11:55:28","guid":{"rendered":"https:\/\/www.europesays.com\/it\/642710\/"},"modified":"2026-08-21T11:55:28","modified_gmt":"2026-08-21T11:55:28","slug":"famm-di-mougins-il-museo-delle-artiste-donne","status":"publish","type":"post","link":"https:\/\/www.europesays.com\/it\/642710\/","title":{"rendered":"FAMM di Mougins: il museo delle artiste donne"},"content":{"rendered":"<p>        di Luca Rossi, pubblicato il 20\/08\/2026        <br \/>Categorie:<\/p>\n<p>        <a href=\"https:\/\/www.finestresullarte.info\/10c_viaggi.php\" rel=\"nofollow noopener\" target=\"_blank\"><br \/>\n            Viaggi        <\/a><\/p>\n<p>         \/ Argomenti: <a href=\"https:\/\/www.finestresullarte.info\/tag\/francia.php\" rel=\"nofollow noopener\" target=\"_blank\">Francia<\/a> &#8211; <a href=\"https:\/\/www.finestresullarte.info\/tag\/musei.php\" rel=\"nofollow noopener\" target=\"_blank\">Musei<\/a> <\/p>\n<p>E se la storia dell\u2019arte fosse stata solo raccontata male? A Mougins, in Costa Azzurra, c\u2019\u00e8 un museo, il FAMM, che riunisce circa 90 artiste dall\u2019Impressionismo alla contemporaneit\u00e0 e invita a guardare le opere senza i filtri della storiografia, lasciando emergere una domanda inattesa: chi ha davvero influenzato chi? L\u2019articolo di Luca Rossi.<\/p>\n<p>Ci sono musei che aggiungono opere. E poi ci sono musei che aggiungono domande. Il <strong>FAMM \u2013 Femmes Artistes Mus\u00e9e Mougins<\/strong> appartiene decisamente alla seconda categoria. Nato dalla collezione di <strong>Christian Levett<\/strong>, il museo \u00e8 il <strong>primo in Europa<\/strong> interamente dedicato alle <strong>artiste donne<\/strong> e propone un percorso che dall\u2019Impressionismo arriva fino all\u2019arte contemporanea con c<strong>irca novanta artiste<\/strong> distribuite su quattro piani.<\/p>\n<p>La forza del FAMM non risiede tanto nell\u2019affermare un principio ormai condiviso, quello della necessit\u00e0 di restituire visibilit\u00e0 a tante artiste rimaste ai margini della narrazione ufficiale, quanto nel <strong>far emergere un dubbio<\/strong>.<\/p>\n<p>Camminando tra le sale, osservando opere di Carla Accardi, Dadamaino, Ana Mendieta, Sarah Lucas, Tracey Emin e molte altre, capita spesso di provare una sensazione sorprendente. E davanti ad alcuni lavori viene spontaneo chiedersi: chi ha influenzato chi? Che sia una compagna di vita o solo compagna della stessa strada, la domanda risuona per tutta la visita.<\/p>\n<p><img loading=\"lazy\" decoding=\"async\" alt=\"Il FAMM di Mougins. Foto: FAMM\" title=\"Il FAMM di Mougins. Foto: FAMM\" src=\"https:\/\/www.europesays.com\/it\/wp-content\/uploads\/2026\/08\/famm-mougins-1.jpg\" width=\"750\" height=\"500\" class=\"lazy\"\/>&#13;<br \/>\nIl FAMM di Mougins. Foto: FAMM&#13;<\/p>\n<p><img loading=\"lazy\" decoding=\"async\" alt=\"Il FAMM di Mougins. Foto: FAMM\" title=\"Il FAMM di Mougins. Foto: FAMM\" src=\"https:\/\/www.europesays.com\/it\/wp-content\/uploads\/2026\/08\/famm-mougins-2.jpg\" width=\"750\" height=\"500\" class=\"lazy\"\/>&#13;<br \/>\nIl FAMM di Mougins. Foto: FAMM&#13;<\/p>\n<p>Per decenni siamo stati abituati a leggere la storia dell\u2019arte attraverso il <strong>nome dell\u2019artista uomo<\/strong>, mentre la compagna, la moglie o la collega rimanevano sullo sfondo. Eppure, osservando queste opere una dopo l\u2019altra, il dubbio diventa quasi inevitabile: siamo sicuri che siano state loro a seguire le orme dei compagni pi\u00f9 celebri? O non \u00e8 accaduto, almeno in alcuni casi, anche<strong> il contrario<\/strong>?<\/p>\n<p>Il FAMM non pretende di riscrivere forzatamente la storia. Fa qualcosa di pi\u00f9 intelligente: mette finalmente le opere nelle condizioni di dialogare tra loro, liberandole dai pregiudizi sedimentati dalla storiografia. \u00c8 un\u2019esperienza che produce un <strong>curioso cortocircuito visivo<\/strong>. Ci si ritrova davanti a lavori che sembrano appartenere a linguaggi attribuiti da sempre ai grandi protagonisti maschili del Novecento. Solo che qui le date, le ricerche e la qualit\u00e0 delle opere costringono il visitatore a sospendere le proprie certezze. In questo senso il FAMM non \u00e8 un museo \u201cmilitante\u201d: \u00e8 semplicemente un museo che rimette al centro l\u2019osservazione diretta delle opere. Ed \u00e8 forse questa la sua qualit\u00e0 pi\u00f9 importante.<\/p>\n<p>Non si esce con l\u2019idea che la storia dell\u2019arte debba essere capovolta: si esce con la consapevolezza che probabilmente \u00e8 stata raccontata in modo incompleto. In un\u2019epoca in cui molti musei cercano di apparire contemporanei attraverso slogan identitari o allestimenti spettacolari, il FAMM sceglie una strada pi\u00f9 difficile: <strong>lascia che siano le opere a parlare<\/strong>. E quando accade, il risultato \u00e8 sorprendente.<\/p>\n<p><a href=\"https:\/\/www.mostralesignoredellarte.it\/\" target=\"_blank\" data-etichetta=\"Banner 3 - Palazzo Cucchiari - Signore\" onclick=\"ga(&#039;send&#039;, &#039;event&#039;, &#039;Click&#039;, &#039;Banner 3 - Palazzo Cucchiari - Signore&#039;, 1);\" rel=\"nofollow noopener\"><br \/>\n\t\t\t<img decoding=\"async\" src=\"https:\/\/www.europesays.com\/it\/wp-content\/uploads\/2026\/08\/1787313328_944_banner finestre sull arte2.jpg\" alt=\"Le Signore dell'Arte - Palazzo Cucchiari, Carrara - dal 27 giugno al 25 ottobre 2026\" onmouseover=\"ga('send', 'event', 'Dwell', 'Banner 3 - Palazzo Cucchiari - Signore', 1);\" title=\"Le Signore dell'Arte - Palazzo Cucchiari, Carrara - dal 27 giugno al 25 ottobre 2026\" class=\"banner_fsa\" fetchpriority=\"high\" id=\"banner_3\" width=\"728\" height=\"90\" style=\"width:728px\"\/><br \/>\n\t\t\t<\/a><br \/>\n            <br \/>Se ti \u00e8 piaciuto questo articolo abbonati a Finestre sull&#8217;Arte.<br \/>\n\t\t\t\t\t\tal prezzo di 12,00 euro all&#8217;anno avrai accesso illimitato agli articoli pubblicati sul sito di Finestre sull&#8217;Arte e ci aiuterai a crescere e<br \/>\n\t\t\t\t\t\ta<br \/>\n\t\t\t\t\t\tmantenere la nostra informazione libera e indipendente.<br \/>\n\t\t\t\t\t\t<a href=\"https:\/\/shop.finestresullarte.info\/carrello\/?add-to-cart=8971\" rel=\"nofollow noopener\" target=\"_blank\">ABBONATI&#13;<br \/>\n\t\t\t\t\t\tA <br \/>FINESTRE SULL&#8217;ARTE<\/a><br \/>\n    <\/p>\n","protected":false},"excerpt":{"rendered":"di Luca Rossi, pubblicato il 20\/08\/2026 Categorie: Viaggi \/ Argomenti: Francia &#8211; Musei E se la storia dell\u2019arte&hellip;\n","protected":false},"author":3,"featured_media":642711,"comment_status":"","ping_status":"","sticky":false,"template":"","format":"standard","meta":{"footnotes":"","_share_on_mastodon":"0"},"categories":[1446],"tags":[1615,1613,1614,1611,1610,1612,203,4300,204,1537,90,89,8399],"class_list":["post-642710","post","type-post","status-publish","format-standard","has-post-thumbnail","category-arte-e-design","tag-arte","tag-arte-e-design","tag-arteedesign","tag-arts","tag-arts-and-design","tag-design","tag-entertainment","tag-francia","tag-intrattenimento","tag-it","tag-italia","tag-italy","tag-musei"],"share_on_mastodon":{"url":"https:\/\/pubeurope.com\/@it\/117133373914578130","error":""},"_links":{"self":[{"href":"https:\/\/www.europesays.com\/it\/wp-json\/wp\/v2\/posts\/642710","targetHints":{"allow":["GET"]}}],"collection":[{"href":"https:\/\/www.europesays.com\/it\/wp-json\/wp\/v2\/posts"}],"about":[{"href":"https:\/\/www.europesays.com\/it\/wp-json\/wp\/v2\/types\/post"}],"author":[{"embeddable":true,"href":"https:\/\/www.europesays.com\/it\/wp-json\/wp\/v2\/users\/3"}],"replies":[{"embeddable":true,"href":"https:\/\/www.europesays.com\/it\/wp-json\/wp\/v2\/comments?post=642710"}],"version-history":[{"count":0,"href":"https:\/\/www.europesays.com\/it\/wp-json\/wp\/v2\/posts\/642710\/revisions"}],"wp:featuredmedia":[{"embeddable":true,"href":"https:\/\/www.europesays.com\/it\/wp-json\/wp\/v2\/media\/642711"}],"wp:attachment":[{"href":"https:\/\/www.europesays.com\/it\/wp-json\/wp\/v2\/media?parent=642710"}],"wp:term":[{"taxonomy":"category","embeddable":true,"href":"https:\/\/www.europesays.com\/it\/wp-json\/wp\/v2\/categories?post=642710"},{"taxonomy":"post_tag","embeddable":true,"href":"https:\/\/www.europesays.com\/it\/wp-json\/wp\/v2\/tags?post=642710"}],"curies":[{"name":"wp","href":"https:\/\/api.w.org\/{rel}","templated":true}]}}