{"id":642944,"date":"2026-08-21T15:04:15","date_gmt":"2026-08-21T15:04:15","guid":{"rendered":"https:\/\/www.europesays.com\/it\/642944\/"},"modified":"2026-08-21T15:04:15","modified_gmt":"2026-08-21T15:04:15","slug":"a-115-anni-dal-furto-della-gioconda-la-cronaca-continua-a-fare-strani-scherzi-a-vincenzo-peruggia","status":"publish","type":"post","link":"https:\/\/www.europesays.com\/it\/642944\/","title":{"rendered":"A 115 anni dal furto della Gioconda, la cronaca continua a fare strani scherzi a Vincenzo Peruggia"},"content":{"rendered":"<p>\t\t\t\t\t\t\t\t\t\t\t\t\t\t\t\t\t\t\t\t\t\t\t\t\t\t\t\t\t<img decoding=\"async\" loading=\"lazy\" fetchpriority=\"low\" width=\"610\" height=\"431\" src=\"https:\/\/www.europesays.com\/it\/wp-content\/uploads\/2025\/08\/vincenzo-peruggia-la-gioconda-298456.610x431.jpg\" alt=\"vincenzo peruggia la gioconda\"\/>\t\t\t\t\t\t\t\t\t\t\t\t\t\t\t\t\t\t\t<\/p>\n<p><strong>Ogni 21 agosto, nel Varesotto e in particolare in Valdumentina, torna una storia che qui non ha mai davvero smesso di essere raccontata: quella di Vincenzo Peruggia, l\u2019uomo che nel 1911 rub\u00f2 la Gioconda al Louvre<\/strong>.<\/p>\n<p class=\"isSelectedEnd\">Sono passati 115 anni esatti da quel giorno e il nome del decoratore emigrato in Francia continua a conservare, da queste parti, qualcosa di diverso rispetto a ci\u00f2 che rappresenta nel resto del mondo. Per tutti \u00e8 l\u2019uomo del pi\u00f9 celebre furto della storia dell\u2019arte; nel Varesotto \u00e8 anche un personaggio profondamente legato al territorio, alle sue valli e a un racconto che negli anni si \u00e8 arricchito di libri, documentari, ricostruzioni e perfino leggende.<\/p>\n<p class=\"isSelectedEnd\"><strong>Quest\u2019anno la storia di Peruggia torna mentre \u00e8 ancora freschissima un\u2019altra notizia di opere d\u2019arte trafugate da un museo<\/strong>. La sera di ferragosto, appena sei giorni prima del 21 agosto, <strong>dal Museo regionale interdisciplinare di Messina sono state sottratte quattro opere attribuite ad Antonello da Messina<\/strong>: tre delle cinque tavole superstiti del Polittico di San Gregorio e una piccola tavola bifronte. Altre due tavole, inizialmente rimosse, sono state abbandonate all\u2019esterno durante la fuga. Le quattro opere risultano ancora al centro delle ricerche degli investigatori.<\/p>\n<p class=\"isSelectedEnd\"><strong>Messina e Peruggia sono, naturalmente, due storie lontanissime tra loro.<\/strong> <strong>A metterle vicine, almeno sulle nostre pagine, \u00e8 soltanto il calendario.<\/strong> E la curiosit\u00e0 aumenta pensando che non \u00e8 nemmeno la prima volta, negli ultimi tempi, che la cronaca finisce per incrociare la vecchia storia del dumentino.<\/p>\n<p class=\"isSelectedEnd\"><a href=\"https:\/\/www.varesenews.it\/2025\/10\/furto-al-louvre-in-pieno-giorno-nel-1911-il-precedente-della-gioconda-e-di-peruggia-da-dumenza\/2379922\/\" rel=\"nofollow noopener\" target=\"_blank\"><strong>Il 19 ottobre 2025, infatti, il Louvre era tornato sulle prime pagine dei giornali per un altro clamoroso colpo.<\/strong> <\/a>Una banda era riuscita a entrare nella Galleria d\u2019Apollon e a portare via in pochi minuti nove gioielli napoleonici. Una storia completamente diversa da quella del 1911, per modalit\u00e0, protagonisti e oggetti trafugati, ma con un dettaglio che nel Varesotto non poteva passare inosservato: il teatro era ancora una volta proprio il Louvre.<\/p>\n<p class=\"isSelectedEnd\">Il dumentino aveva trent\u2019anni quando rub\u00f2 il capolavoro di Leonardo. Nato nel 1881 ed emigrato in Francia in cerca di lavoro, aveva lavorato anche al Louvre e ne conosceva gli ambienti. Il 21 agosto 1911 riusc\u00ec a impossessarsi della tavola e a portarla fuori dal museo. La scomparsa venne scoperta e da quel momento cominci\u00f2 una caccia destinata a durare pi\u00f9 di due anni.<\/p>\n<p class=\"isSelectedEnd\">Il quadro riapparve soltanto nel dicembre del 1913, quando Peruggia si present\u00f2 a Firenze e contatt\u00f2 l\u2019antiquario Alfredo Geri. La Gioconda venne riconosciuta e Peruggia arrestato. Il dipinto rimase ancora per un breve periodo in Italia, dove fu esposto prima di tornare definitivamente al Louvre.<\/p>\n<p class=\"isSelectedEnd\"><strong>La spiegazione che Peruggia diede del proprio gesto contribu\u00ec non poco alla fortuna successiva del personaggio. <\/strong>Sostenne di aver agito per patriottismo, con l\u2019intenzione di restituire all\u2019Italia un\u2019opera che riteneva fosse stata sottratta dai francesi ai tempi di Napoleone. \u00c8 la versione che accompagna da sempre il racconto di Peruggia e che contribu\u00ec a costruire attorno alla sua figura, soprattutto in Italia, quell\u2019immagine a met\u00e0 tra il ladro d\u2019arte e il patriota che ancora oggi riaffiora quando si torna sulla sua storia.<\/p>\n<p class=\"isSelectedEnd\">Nel Varesotto quella vicenda ha trovato inevitabilmente una vita ancora pi\u00f9 lunga. Non soltanto perch\u00e9 Peruggia era nato qui, ma perch\u00e9 attorno alla Gioconda si sono accumulate negli anni memorie e racconti locali. C\u2019\u00e8 persino la storia, mai dimostrata e ormai entrata nella leggenda, secondo cui il quadro durante i due anni della sua scomparsa sarebbe passato proprio da queste valli. In Val Veddasca, a Cadero, \u00e8 nato anche un piccolo museo dedicato alla Monna Lisa, dove la vicenda storica e le suggestioni cresciute intorno al quadro continuano a intrecciarsi.<\/p>\n<p class=\"isSelectedEnd\"><strong>\u00c8 anche per questo che il 21 agosto non passa mai del tutto inosservato da queste parti.<\/strong> Non perch\u00e9 si celebri un furto, naturalmente, ma perch\u00e9 quella data segna uno dei momenti in cui una piccola porzione della provincia di Varese fin\u00ec improvvisamente dentro una storia mondiale.<\/p>\n<p class=\"isSelectedEnd\">Quest\u2019anno sono 115 anni esatti e la storia di Vincenzo Peruggia sarebbe tornata comunque, come accade puntualmente sulle nostre pagine. A renderne curioso il racconto, questa volta, ci ha pensato il calendario: nell\u2019ottobre scorso un nuovo furto proprio al Louvre e, appena sei giorni fa, il colpo al museo di Messina.<\/p>\n<p>Due vicende che con Peruggia non hanno nulla a che fare, se non per quegli strani incroci che ogni tanto la cronaca costruisce con le storie del passato.<\/p>\n","protected":false},"excerpt":{"rendered":"Ogni 21 agosto, nel Varesotto e in particolare in Valdumentina, torna una storia che qui non ha mai&hellip;\n","protected":false},"author":3,"featured_media":642945,"comment_status":"","ping_status":"","sticky":false,"template":"","format":"standard","meta":{"footnotes":"","_share_on_mastodon":"0"},"categories":[1446],"tags":[1615,1613,1614,1611,1610,1612,203,204,1537,90,89,14877,139858],"class_list":["post-642944","post","type-post","status-publish","format-standard","has-post-thumbnail","category-arte-e-design","tag-arte","tag-arte-e-design","tag-arteedesign","tag-arts","tag-arts-and-design","tag-design","tag-entertainment","tag-intrattenimento","tag-it","tag-italia","tag-italy","tag-louvre","tag-museo-del-louvre"],"share_on_mastodon":{"url":"https:\/\/pubeurope.com\/@it\/117134116187384886","error":""},"_links":{"self":[{"href":"https:\/\/www.europesays.com\/it\/wp-json\/wp\/v2\/posts\/642944","targetHints":{"allow":["GET"]}}],"collection":[{"href":"https:\/\/www.europesays.com\/it\/wp-json\/wp\/v2\/posts"}],"about":[{"href":"https:\/\/www.europesays.com\/it\/wp-json\/wp\/v2\/types\/post"}],"author":[{"embeddable":true,"href":"https:\/\/www.europesays.com\/it\/wp-json\/wp\/v2\/users\/3"}],"replies":[{"embeddable":true,"href":"https:\/\/www.europesays.com\/it\/wp-json\/wp\/v2\/comments?post=642944"}],"version-history":[{"count":0,"href":"https:\/\/www.europesays.com\/it\/wp-json\/wp\/v2\/posts\/642944\/revisions"}],"wp:featuredmedia":[{"embeddable":true,"href":"https:\/\/www.europesays.com\/it\/wp-json\/wp\/v2\/media\/642945"}],"wp:attachment":[{"href":"https:\/\/www.europesays.com\/it\/wp-json\/wp\/v2\/media?parent=642944"}],"wp:term":[{"taxonomy":"category","embeddable":true,"href":"https:\/\/www.europesays.com\/it\/wp-json\/wp\/v2\/categories?post=642944"},{"taxonomy":"post_tag","embeddable":true,"href":"https:\/\/www.europesays.com\/it\/wp-json\/wp\/v2\/tags?post=642944"}],"curies":[{"name":"wp","href":"https:\/\/api.w.org\/{rel}","templated":true}]}}