{"id":642956,"date":"2026-08-21T15:11:13","date_gmt":"2026-08-21T15:11:13","guid":{"rendered":"https:\/\/www.europesays.com\/it\/642956\/"},"modified":"2026-08-21T15:11:13","modified_gmt":"2026-08-21T15:11:13","slug":"kate-e-william-il-vertice-dei-sussex-a-balmoral-riunisce-ma-spacca-la-famiglia-cosa-sappiamo","status":"publish","type":"post","link":"https:\/\/www.europesays.com\/it\/642956\/","title":{"rendered":"Kate e William, il &#8220;vertice dei Sussex&#8221; a Balmoral riunisce (ma spacca) la famiglia: cosa sappiamo"},"content":{"rendered":"<p>Le vacanze di Balmoral sono state \u201cinterrotte\u201d da una notizia: la decisione del <strong>Principe Harry<\/strong> e di <strong>Meghan Markle<\/strong> di tornare a vivere nel Regno Unito. S\u00ec, Balmoral \u00e8 il luogo del riposo estivo per la Famiglia Reale inglese, ma non sar\u00e0 un vero e proprio stacco, perch\u00e9 quell\u2019argomento tanto spinoso che stavano cercando di evitare \u00e8 ormai all\u2019ordine del giorno. Se da un lato Balmoral ha riunito il clan quasi al completo (un numero insolitamente alto di Working Royal si \u00e8 diretto nelle Highlands nello stesso periodo), dall\u2019altro ha fatto da cornice a quello che \u00e8 gi\u00e0 stato ribattezzato un vero e proprio \u201cvertice\u201d.\n<\/p>\n<p>Carlo raduna tutti a Balmoral: il gelo di Kate e William<\/p>\n<p>Come da tradizione, <a href=\"https:\/\/dilei.it\/reali\/re-carlo-balmoral-vacanza-tradizione\/2626188\/\" rel=\"nofollow noopener\" target=\"_blank\">l\u2019arrivo di Re Carlo<\/a> nella tenuta scozzese ha dato il via alla consueta villeggiatura estiva, che ogni anno richiama nelle Highlands i vari rami della famiglia. E anche stavolta il ritrovo si \u00e8 rivelato affollatissimo, ma nello stesso momento: oltre al Sovrano e alla Regina Camilla, hanno risposto subito all\u2019appello <a href=\"https:\/\/dilei.it\/star-e-vip\/william-d-inghilterra\/\" rel=\"nofollow noopener\" target=\"_blank\">William<\/a> e <a href=\"https:\/\/dilei.it\/star-e-vip\/kate-middleton\/\" rel=\"nofollow noopener\" target=\"_blank\">Kate Middleton<\/a> con <strong>George<\/strong>, <strong>Charlotte<\/strong> e <strong>Louis<\/strong>, ma anche la <strong>Principessa Anna<\/strong>, il <strong>Principe Edoardo<\/strong> con il figlio, e ancora la famiglia Tindall-Phillips con la loro numerosa prole.<\/p>\n<p>Proprio mentre i Reali si godevano la quiete scozzese, \u00e8 arrivata la notizia destinata a scompaginare le carte. Nella serata di mercoled\u00ec \u00e8 infatti trapelato che il Duca e la Duchessa di Sussex avrebbero deciso di <strong>tornare stabilmente in Gran Bretagna<\/strong>, dopo oltre sei anni trascorsi dall\u2019altra parte dell\u2019oceano, in California. Carlo e William hanno fatto dunque l\u2019unica cosa possibile: si sono confrontati direttamente sulla questione, in un faccia a faccia con la <strong>famiglia al completo<\/strong> che la stampa ha subito etichettato come il \u201cvertice dei Sussex\u201d.<\/p>\n<p>Stando alle indiscrezioni, il Re sarebbe stato messo al corrente dei piani del figlio minore appena tre giorni prima, e anche William (che sarebbe rimasto \u201cleggermente sconcertato\u201d) avrebbe ricevuto uno <strong>scarso preavviso<\/strong>. Nulla di pi\u00f9, per\u00f2: il tema non sarebbe mai stato sfiorato durante il precedente incontro di inizio luglio, quando i Sussex erano stati ospiti a Highgrove. Nemmeno gli altri membri pi\u00f9 stretti della famiglia sembravano essere a conoscenza di un simile progetto.<\/p>\n<p>Harry e William, le fratture mai sanate<\/p>\n<p>Il rientro di Harry \u00e8 stato subito letto con una chiave di lettura: \u00e8 <strong>l\u2019occasione ufficiale del riavvicinamento<\/strong>. Ma\u00a0a fare da freno resta soprattutto il <strong>gelo<\/strong> mai davvero superato tra i due fratelli. A distanza di anni dalle accuse mosse dal Duca nei confronti di William e di altri familiari, la ferita non si sarebbe affatto rimarginata. Anzi, secondo quanto riferito da fonti vicine, il <strong>Principe e la Principessa del Galles<\/strong> non nutrirebbe al momento alcun desiderio di <a href=\"https:\/\/dilei.it\/reali\/kate-middleton-ultime-notizie-21-agosto-2026\/2636784\/\" rel=\"nofollow noopener\" target=\"_blank\">ricucire lo strappo con il fratello<\/a>.<\/p>\n<p>Non a caso, n\u00e9 William n\u00e9 Kate avrebbero <strong>commentato pubblicamente la notizia del ritorno<\/strong>; una presa di posizione netta. Al di l\u00e0 delle tensioni personali, il rientro dei Sussex porta con s\u00e9 una serie di questioni pratiche tutt\u2019altro che secondarie. La pi\u00f9 spinosa riguarda la sicurezza, cos\u00ec come la situazione dei piccoli Archie e Lilibet, gi\u00e0 iscritti a scuola, che con ogni probabilit\u00e0 avranno bisogno di <strong>adeguate misure di tutela<\/strong>.<\/p>\n<p>\t\t\t\tScopri i personaggi in trend, le storie del momento e molto altro.<br \/>Dove? Sul <a href=\"https:\/\/whatsapp.com\/channel\/0029Vb68mVyHVvTWezDm7d0R\" target=\"_blank\" rel=\"noopener nofollow\">canale WhatsApp di DiLei!<\/a><\/p>\n<p>\t\t\t<a class=\"buttonCall\" href=\"https:\/\/whatsapp.com\/channel\/0029Vb68mVyHVvTWezDm7d0R\" target=\"_blank\" rel=\"noopener nofollow\" title=\"Seguici su WhatsApp\"><br \/>\n\t\t\t\tSeguici su WhatsApp<br \/>\n\t\t\t<\/a><\/p>\n","protected":false},"excerpt":{"rendered":"Le vacanze di Balmoral sono state \u201cinterrotte\u201d da una notizia: la decisione del Principe Harry e di Meghan&hellip;\n","protected":false},"author":3,"featured_media":642957,"comment_status":"","ping_status":"","sticky":false,"template":"","format":"standard","meta":{"footnotes":"","_share_on_mastodon":"0"},"categories":[174],"tags":[33815,1448,203,19742,204,1537,90,89,14165,1447],"class_list":["post-642956","post","type-post","status-publish","format-standard","has-post-thumbnail","category-intrattenimento","tag-camilla-parker-bowles","tag-carlo-dinghilterra","tag-entertainment","tag-harry-dinghilterra","tag-intrattenimento","tag-it","tag-italia","tag-italy","tag-meghan-markle","tag-reali"],"share_on_mastodon":{"url":"https:\/\/pubeurope.com\/@it\/117134143801291959","error":""},"_links":{"self":[{"href":"https:\/\/www.europesays.com\/it\/wp-json\/wp\/v2\/posts\/642956","targetHints":{"allow":["GET"]}}],"collection":[{"href":"https:\/\/www.europesays.com\/it\/wp-json\/wp\/v2\/posts"}],"about":[{"href":"https:\/\/www.europesays.com\/it\/wp-json\/wp\/v2\/types\/post"}],"author":[{"embeddable":true,"href":"https:\/\/www.europesays.com\/it\/wp-json\/wp\/v2\/users\/3"}],"replies":[{"embeddable":true,"href":"https:\/\/www.europesays.com\/it\/wp-json\/wp\/v2\/comments?post=642956"}],"version-history":[{"count":0,"href":"https:\/\/www.europesays.com\/it\/wp-json\/wp\/v2\/posts\/642956\/revisions"}],"wp:featuredmedia":[{"embeddable":true,"href":"https:\/\/www.europesays.com\/it\/wp-json\/wp\/v2\/media\/642957"}],"wp:attachment":[{"href":"https:\/\/www.europesays.com\/it\/wp-json\/wp\/v2\/media?parent=642956"}],"wp:term":[{"taxonomy":"category","embeddable":true,"href":"https:\/\/www.europesays.com\/it\/wp-json\/wp\/v2\/categories?post=642956"},{"taxonomy":"post_tag","embeddable":true,"href":"https:\/\/www.europesays.com\/it\/wp-json\/wp\/v2\/tags?post=642956"}],"curies":[{"name":"wp","href":"https:\/\/api.w.org\/{rel}","templated":true}]}}