{"id":643694,"date":"2026-08-22T02:45:24","date_gmt":"2026-08-22T02:45:24","guid":{"rendered":"https:\/\/www.europesays.com\/it\/643694\/"},"modified":"2026-08-22T02:45:24","modified_gmt":"2026-08-22T02:45:24","slug":"il-vescovado-rocco-hunt-sceglie-ravello-relax-e-romanticismo-nella-citta-della-musica","status":"publish","type":"post","link":"https:\/\/www.europesays.com\/it\/643694\/","title":{"rendered":"Il Vescovado &#8211; Rocco Hunt sceglie Ravello: relax e romanticismo nella Citt\u00e0 della Musica"},"content":{"rendered":"<p><img decoding=\"async\" class=\"full\" src=\"https:\/\/www.europesays.com\/it\/wp-content\/uploads\/2026\/08\/rocco-hunt-sceglie-ravello-relax-e-romanticismo-n-378442.webp\" alt=\"\"\/><\/p>\n<p><a href=\"https:\/\/www.amalfiboats.it\" target=\"_blank\" rel=\"nofollow noopener\"><img decoding=\"async\" src=\"https:\/\/www.europesays.com\/it\/wp-content\/uploads\/2026\/03\/amalfi-boats-costiera-amalfitana-charter-noleggi-332.webp.webp\" alt=\"Amalfi Boats Costiera Amalfitana, Charter, Noleggio imbarcazioni, Luxury Boats, Positano, Li Galli, Capri, Escursioni\"\/><\/a><\/p>\n<p>Una terrazza sospesa sul mare, il profilo della Costiera Amalfitana che si perde all&#8217;orizzonte e qualche momento di relax lontano dagli impegni professionali. <strong>Rocco Hunt sceglie Ravello<\/strong> e racconta attraverso le sue storie Instagram alcuni momenti trascorsi a <strong>Palazzo Avino<\/strong>, nella Citt\u00e0 della Musica.<\/p>\n<p>Il rapper salernitano, che sui social conserva il nome di <strong>&#8220;Poeta Urbano&#8221;<\/strong>, ha pubblicato nelle ultime ore alcune immagini inequivocabilmente legate al suo soggiorno ravellese. In uno degli scatti compare la moglie, <strong>Ada<\/strong>, affacciata sul panorama con indosso un accappatoio ricamato con la scritta <strong>&#8220;Felice a Ravello&#8221;<\/strong>; in un&#8217;altra storia, accompagnata semplicemente dall&#8217;indicazione <strong>&#8220;2026&#8221;<\/strong> e da tre cuori rossi, Rocco Hunt appare a cena, mano nella mano con la sua compagna.<\/p>\n<p><a href=\"https:\/\/www.amalficharter.it\" target=\"_blank\" rel=\"nofollow noopener\"><img decoding=\"async\" src=\"https:\/\/www.europesays.com\/it\/wp-content\/uploads\/2026\/03\/amalfi-charter-prenota-la-tua-escursione-via-mare-293.webp.webp\" alt=\"Amalfi Charter, prenota la tua escursione via mare in Costiera Amalfitana\"\/><\/a><\/p>\n<p>Non poteva mancare uno dei panorami che hanno reso Ravello celebre nel mondo. In un altro scatto il cantante si mostra sorridente durante un momento di relax in acqua, con alle spalle <strong>la spettacolare veduta dall&#8217;alto della Costa d&#8217;Amalfi<\/strong>, tra terrazzamenti, borghi e il blu del Mediterraneo.<\/p>\n<p>Un ritorno nella sua Campania per Rocco Hunt, artista profondamente legato alle proprie origini e capace negli anni di portare nel panorama musicale nazionale il linguaggio, le storie e le atmosfere del Sud.<\/p>\n<p>Le immagini condivise con i suoi numerosi follower diventano cos\u00ec anche una vetrina spontanea per Ravello e per la Costiera Amalfitana, ancora una volta scelte da protagonisti dello spettacolo e della musica per trascorrere qualche giorno all&#8217;insegna della tranquillit\u00e0, del paesaggio e della bellezza.<\/p>\n<p><b>Se sei arrivato fino a qui<\/b>, significa che apprezzi il nostro impegno nel fornire notizie libere e accessibili a tutti.<\/p>\n<p>Per garantire un ambiente sicuro per i nostri lettori, abbiamo rimosso tutta la pubblicit\u00e0 invasiva, i cookie e i tracciamenti di terze parti.<\/p>\n<p>Tuttavia, per continuare a offrirti un&#8217;informazione di qualit\u00e0, il tuo aiuto \u00e8 fondamentale. Anche un piccolo contributo pu\u00f2 fare la differenza.<\/p>\n<p>Sostieni <b>Il Vescovado!<\/b><\/p>\n<p>Scegli il tuo contributo con <img loading=\"lazy\" decoding=\"async\" src=\"https:\/\/www.europesays.com\/it\/wp-content\/uploads\/2025\/07\/logo-paypal.webp.webp\" width=\"128\" height=\"33\" alt=\"\"\/><\/p>\n<p>Per rimanere costantemente aggiornati con le notizie del Vescovado, in tempo reale sul tuo smartphone, scarica la App!<\/p>\n<tr>\n<td>\nPer dispositivi<br \/><b>Apple<\/b>\n<\/td>\n<td>\nPer dispositivi<br \/><b>Android<\/b>\n<\/td>\n<\/tr>\n<tr>\n<td><a target=\"_blank\" href=\"https:\/\/itunes.apple.com\/it\/app\/il-vescovado\/id1190109330\" rel=\"nofollow noopener\"><img loading=\"lazy\" decoding=\"async\" src=\"https:\/\/www.europesays.com\/it\/wp-content\/uploads\/2025\/07\/phone-apple.webp.webp\" width=\"90\" height=\"183\" alt=\"\"\/><\/a><\/td>\n<td><a target=\"_blank\" href=\"https:\/\/play.google.com\/store\/apps\/details?id=it.ilvescovado.droid\" rel=\"nofollow noopener\"><img loading=\"lazy\" decoding=\"async\" src=\"https:\/\/www.europesays.com\/it\/wp-content\/uploads\/2025\/07\/phone-android.webp.webp\" width=\"90\" height=\"183\" alt=\"\"\/><\/a><\/td>\n<\/tr>\n","protected":false},"excerpt":{"rendered":"Una terrazza sospesa sul mare, il profilo della Costiera Amalfitana che si perde all&#8217;orizzonte e qualche momento di&hellip;\n","protected":false},"author":3,"featured_media":643695,"comment_status":"","ping_status":"","sticky":false,"template":"","format":"standard","meta":{"footnotes":"","_share_on_mastodon":"0"},"categories":[1451],"tags":[22444,22453,22456,8818,1621,1620,11693,200855,22454,6288,22457,203,626,22458,7889,204,1537,90,89,22451,22445,13750,15,477,22447,22450,22443,22452,22448,22446,22442,22455,13552,22441],"class_list":["post-643694","post","type-post","status-publish","format-standard","has-post-thumbnail","category-celebrita","tag-amalfi-news","tag-atrani","tag-attualit","tag-campania","tag-celebrita","tag-celebrities","tag-comunicazione","tag-costa-d39amalfi","tag-costa-di-amalfi","tag-costiera-amalfitana","tag-curiosit","tag-entertainment","tag-eventi","tag-il-vescovado","tag-informazione","tag-intrattenimento","tag-it","tag-italia","tag-italy","tag-maiori","tag-maiori-news","tag-minori","tag-notizie","tag-politica","tag-portale-online-della-costa-di-amalfi","tag-positano","tag-positano-news","tag-praiano","tag-provincia-di-salerno","tag-quotidiano-on-line","tag-ravello-news","tag-ricorrenze","tag-scala","tag-vescovado"],"share_on_mastodon":{"url":"","error":"Validation failed: Text character limit of 500 exceeded"},"_links":{"self":[{"href":"https:\/\/www.europesays.com\/it\/wp-json\/wp\/v2\/posts\/643694","targetHints":{"allow":["GET"]}}],"collection":[{"href":"https:\/\/www.europesays.com\/it\/wp-json\/wp\/v2\/posts"}],"about":[{"href":"https:\/\/www.europesays.com\/it\/wp-json\/wp\/v2\/types\/post"}],"author":[{"embeddable":true,"href":"https:\/\/www.europesays.com\/it\/wp-json\/wp\/v2\/users\/3"}],"replies":[{"embeddable":true,"href":"https:\/\/www.europesays.com\/it\/wp-json\/wp\/v2\/comments?post=643694"}],"version-history":[{"count":0,"href":"https:\/\/www.europesays.com\/it\/wp-json\/wp\/v2\/posts\/643694\/revisions"}],"wp:featuredmedia":[{"embeddable":true,"href":"https:\/\/www.europesays.com\/it\/wp-json\/wp\/v2\/media\/643695"}],"wp:attachment":[{"href":"https:\/\/www.europesays.com\/it\/wp-json\/wp\/v2\/media?parent=643694"}],"wp:term":[{"taxonomy":"category","embeddable":true,"href":"https:\/\/www.europesays.com\/it\/wp-json\/wp\/v2\/categories?post=643694"},{"taxonomy":"post_tag","embeddable":true,"href":"https:\/\/www.europesays.com\/it\/wp-json\/wp\/v2\/tags?post=643694"}],"curies":[{"name":"wp","href":"https:\/\/api.w.org\/{rel}","templated":true}]}}