{"id":643700,"date":"2026-08-22T02:52:12","date_gmt":"2026-08-22T02:52:12","guid":{"rendered":"https:\/\/www.europesays.com\/it\/643700\/"},"modified":"2026-08-22T02:52:12","modified_gmt":"2026-08-22T02:52:12","slug":"west-nile-accertati-due-casi-tra-lequile-e-san-pietro-in-lama-un-ricovero-in-rianimazione","status":"publish","type":"post","link":"https:\/\/www.europesays.com\/it\/643700\/","title":{"rendered":"West Nile, accertati due casi tra Lequile e San Pietro in Lama: un ricovero in rianimazione"},"content":{"rendered":"<p>Negli ultimi giorni il Dipartimento di Prevenzione della Asl di Lecce ha accertato due casi di positivit\u00e0 al West Nile virus, un virus trasmesso all&#8217;uomo e agli animali esclusivamente attraverso la puntura di zanzare infette. &#8220;Il virus non si trasmette da uomo a uomo &#8211; precisa l&#8217;azienda sanitaria locale -. La situazione \u00e8 costantemente monitorata e il Dipartimento di Prevenzione sta mettendo in campo tutte le misure previste per il tracciamento dei casi sospetti e la prevenzione della diffusione del virus&#8221;.<\/p>\n<p>Anche grazie alla collaborazione con il sindaco di Lequile, \u00e8 stato individuato un caso positivo, attualmente ricoverato nel reparto di Anestesia e Rianimazione dell&#8217;Ospedale Vito Fazzi di Lecce. Un secondo caso riguarda una persona proveniente dal comune di San Pietro in Lama attualmente ricoverata in Francia. Nelle scorse settimane, inoltre, erano stati accertati due casi di positivit\u00e0 in cavalli nei comuni di Lizzanello e Martano. Nella giornata odierna \u00e8 stata segnalata un&#8217;ulteriore positivit\u00e0, al momento in attesa del test di conferma da parte dell&#8217;Istituto zooprifilattico sperimentale di Teramo, relativa a un altro cavallo presente nel comune di San Donato.<\/p>\n<p>In tutti i casi sono state prescritte le misure straordinarie di disinfestazione e di comunicazione alla popolazione previste dal Piano Nazionale di prevenzione, sorveglianza e risposta alle Arbovirosi (Pna).<br \/>Nella maggior parte dei casi l&#8217;infezione da West Nile virus \u00e8 asintomatica oppure provoca sintomi lievi, che possono anche passare inosservati. Nelle persone anziane e nei soggetti pi\u00f9 fragili, tuttavia, l&#8217;infezione pu\u00f2 manifestarsi in forme pi\u00f9 gravi. &#8220;\u00c8 quindi importante &#8211; sottolinea la Asl &#8211; adottare alcune semplici precauzioni per ridurre il rischio di punture di zanzara e limitarne la proliferazione. Per conoscere le principali misure di prevenzione \u00e8 possibile consultare l&#8217;opuscolo informativo del Ministero della Salute&#8221;.<\/p>\n","protected":false},"excerpt":{"rendered":"Negli ultimi giorni il Dipartimento di Prevenzione della Asl di Lecce ha accertato due casi di positivit\u00e0 al&hellip;\n","protected":false},"author":3,"featured_media":643701,"comment_status":"","ping_status":"","sticky":false,"template":"","format":"standard","meta":{"footnotes":"","_share_on_mastodon":"0"},"categories":[175],"tags":[32223,239,1537,90,89,355260,240,3143],"class_list":["post-643700","post","type-post","status-publish","format-standard","has-post-thumbnail","category-salute","tag-asl-lecce","tag-health","tag-it","tag-italia","tag-italy","tag-lequile","tag-salute","tag-west-nile"],"share_on_mastodon":{"url":"https:\/\/pubeurope.com\/@it\/117136900052975454","error":""},"_links":{"self":[{"href":"https:\/\/www.europesays.com\/it\/wp-json\/wp\/v2\/posts\/643700","targetHints":{"allow":["GET"]}}],"collection":[{"href":"https:\/\/www.europesays.com\/it\/wp-json\/wp\/v2\/posts"}],"about":[{"href":"https:\/\/www.europesays.com\/it\/wp-json\/wp\/v2\/types\/post"}],"author":[{"embeddable":true,"href":"https:\/\/www.europesays.com\/it\/wp-json\/wp\/v2\/users\/3"}],"replies":[{"embeddable":true,"href":"https:\/\/www.europesays.com\/it\/wp-json\/wp\/v2\/comments?post=643700"}],"version-history":[{"count":0,"href":"https:\/\/www.europesays.com\/it\/wp-json\/wp\/v2\/posts\/643700\/revisions"}],"wp:featuredmedia":[{"embeddable":true,"href":"https:\/\/www.europesays.com\/it\/wp-json\/wp\/v2\/media\/643701"}],"wp:attachment":[{"href":"https:\/\/www.europesays.com\/it\/wp-json\/wp\/v2\/media?parent=643700"}],"wp:term":[{"taxonomy":"category","embeddable":true,"href":"https:\/\/www.europesays.com\/it\/wp-json\/wp\/v2\/categories?post=643700"},{"taxonomy":"post_tag","embeddable":true,"href":"https:\/\/www.europesays.com\/it\/wp-json\/wp\/v2\/tags?post=643700"}],"curies":[{"name":"wp","href":"https:\/\/api.w.org\/{rel}","templated":true}]}}