{"id":643760,"date":"2026-08-22T03:53:26","date_gmt":"2026-08-22T03:53:26","guid":{"rendered":"https:\/\/www.europesays.com\/it\/643760\/"},"modified":"2026-08-22T03:53:26","modified_gmt":"2026-08-22T03:53:26","slug":"inter-da-chivu-le-ultime-su-lautaro-martinez-diouf-pavard-e-stankovic","status":"publish","type":"post","link":"https:\/\/www.europesays.com\/it\/643760\/","title":{"rendered":"Inter: da Chivu le ultime su Lautaro Martinez, Diouf, Pavard e Stankovic"},"content":{"rendered":"<p>                                Conferenza stampa per Chivu alla vigilia del match contro la squadra di Juric, valido per la 1\u00aa giornata di Serie A 2026-27<\/p>\n<p class=\"paragraph\" spellcheck=\"true\">Primo appuntamento con la <b>conferenza stampa pre-Serie A<\/b> per <b>Cristian Chivu<\/b>, che ha affrontato tanti temi di grande interesse per i <b>fantallenatori <\/b>alla vigilia dell&#8217;anticipo che la sua <b>Inter <\/b>(<a href=\"https:\/\/www.gazzetta.it\/calcio\/fantanews\/05-08-2026\/inter-al-fantacalcio-2026-27-titolari-rigorista-sorprese-consigli-su-chi-prendere.shtml?intcmp=hyperlink-articolo-gazit\" title=\"Inter al fantacalcio: titolari, rigorista, possibili sorprese e chi prendere\" target=\"_blank\" rel=\"nofollow noopener\">qui la fanta-analisi sulla squadra nerazzurra<\/a>) giocher\u00e0 contro il Monza (sabato 22 agosto, ore 18.30). Tra questi: l&#8217;impiego di <b>Lautaro Martinez<\/b>, la crescita di <b>Diouf <\/b>e le condizioni di <b>Pavard <\/b>e <b>Stankovic<\/b>.\u00a0<\/p>\n<p>    lautaro martinez\u2014 \u00a0<\/p>\n<p class=\"paragraph is-inline\" spellcheck=\"true\">&#8220;<b>Lautaro <\/b>\u00e8 il nostro capitano, \u00e8 un grande giocatore e vogliamo tenercelo stretto. Se giocher\u00e0 sin da subito col Monza lo decider\u00f2 domani, \u00e8 partito un po&#8217; tardi con la preparazione e c&#8217;\u00e8 da capire come star\u00e0&#8221;.\u00a0<\/p>\n<p>    diouf\u2014 \u00a0<\/p>\n<p class=\"paragraph is-inline\" spellcheck=\"true\">&#8220;Ha margini di miglioramento enormi, ma la cosa che pi\u00f9 apprezzo di <b>Andy <\/b>\u00e8 la voglia di calarsi nelle idee dell&#8217;allenatore. Gli errori li troveremo sempre, ma a noi interessa l&#8217;energia e la soluzione in pi\u00f9 che abbiamo ora in quel ruolo. E mi piace la sua applicazione in entrambe le fasi&#8221;.\u00a0<\/p>\n<p>    pavard\u2014 \u00a0<\/p>\n<p class=\"paragraph is-inline\" spellcheck=\"true\">&#8220;Non sta a me raccontare il valore di un giocatore come <b>Pavard<\/b>. Sta facendo un grande lavoro, si \u00e8 messo a disposizione del gruppo e ha lavorato sodo, giocando anche partite di livello durante il ritiro precampionato&#8221;.\u00a0<\/p>\n<p><a class=\"is-partner-link\" href=\"https:\/\/fantacampionato.gazzetta.it\/?intcmp=FC2627_CTArticolo2627\" rel=\"nofollow noopener\" target=\"_blank\">60 milioni di fantallenatori, un&#8217;unica classifica nazionale: sfida l&#8217;Italia intera su Fantacampionato! Oltre 340.000\u20ac di montepremi. Gioca ora!<\/a><\/p>\n<p>    stankovic\u2014 \u00a0<\/p>\n<p class=\"paragraph is-inline\" spellcheck=\"true\">&#8220;La mia opinione su <b>Ale <\/b>la conoscete. \u00c8 parte del gruppo Inter e se la gioca con tutti gli altri per quei minutaggi importanti che un giocatore vuole avere durante la stagione&#8221;.\u00a0<\/p>\n<p class=\"is-copyright\">\u00a9 RIPRODUZIONE RISERVATA<\/p>\n","protected":false},"excerpt":{"rendered":"Conferenza stampa per Chivu alla vigilia del match contro la squadra di Juric, valido per la 1\u00aa giornata&hellip;\n","protected":false},"author":3,"featured_media":643761,"comment_status":"","ping_status":"","sticky":false,"template":"","format":"standard","meta":{"footnotes":"","_share_on_mastodon":"0"},"categories":[6],"tags":[2839,877,932,14,9419,564,2250,8,350,1537,90,89,5826,12049,35788,11121,7,15,82,9,83,10,17298,355287,1821,81528,13,11,80,84,12,81,85],"class_list":["post-643760","post","type-post","status-publish","format-standard","has-post-thumbnail","category-ultime-notizie","tag-chivu","tag-conferenza","tag-conferenza-stampa","tag-cronaca","tag-diouf","tag-giocatore","tag-giochera","tag-headlines","tag-inter","tag-it","tag-italia","tag-italy","tag-lautaro","tag-lautaro-martinez","tag-martinez","tag-monza","tag-news","tag-notizie","tag-notizie-di-cronaca","tag-notizie-principali","tag-notiziedicronaca","tag-notizieprincipali","tag-pavard","tag-pavard-stankovic","tag-serie","tag-stankovic","tag-titoli","tag-ultime-notizie","tag-ultime-notizie-di-cronaca","tag-ultime-notizie-e-news-di-oggi","tag-ultimenotizie","tag-ultimenotiziedicronaca","tag-ultimenotizieenewsdioggi"],"share_on_mastodon":{"url":"","error":"Validation failed: Text character limit of 500 exceeded"},"_links":{"self":[{"href":"https:\/\/www.europesays.com\/it\/wp-json\/wp\/v2\/posts\/643760","targetHints":{"allow":["GET"]}}],"collection":[{"href":"https:\/\/www.europesays.com\/it\/wp-json\/wp\/v2\/posts"}],"about":[{"href":"https:\/\/www.europesays.com\/it\/wp-json\/wp\/v2\/types\/post"}],"author":[{"embeddable":true,"href":"https:\/\/www.europesays.com\/it\/wp-json\/wp\/v2\/users\/3"}],"replies":[{"embeddable":true,"href":"https:\/\/www.europesays.com\/it\/wp-json\/wp\/v2\/comments?post=643760"}],"version-history":[{"count":0,"href":"https:\/\/www.europesays.com\/it\/wp-json\/wp\/v2\/posts\/643760\/revisions"}],"wp:featuredmedia":[{"embeddable":true,"href":"https:\/\/www.europesays.com\/it\/wp-json\/wp\/v2\/media\/643761"}],"wp:attachment":[{"href":"https:\/\/www.europesays.com\/it\/wp-json\/wp\/v2\/media?parent=643760"}],"wp:term":[{"taxonomy":"category","embeddable":true,"href":"https:\/\/www.europesays.com\/it\/wp-json\/wp\/v2\/categories?post=643760"},{"taxonomy":"post_tag","embeddable":true,"href":"https:\/\/www.europesays.com\/it\/wp-json\/wp\/v2\/tags?post=643760"}],"curies":[{"name":"wp","href":"https:\/\/api.w.org\/{rel}","templated":true}]}}