{"id":643793,"date":"2026-08-22T04:37:31","date_gmt":"2026-08-22T04:37:31","guid":{"rendered":"https:\/\/www.europesays.com\/it\/643793\/"},"modified":"2026-08-22T04:37:31","modified_gmt":"2026-08-22T04:37:31","slug":"ines-contro-netflix-un-errore-in-una-serie-le-porta-mesi-di-telefonate-indesiderate","status":"publish","type":"post","link":"https:\/\/www.europesays.com\/it\/643793\/","title":{"rendered":"In\u00e9s contro Netflix: un errore in una serie le porta mesi di telefonate indesiderate"},"content":{"rendered":"<p>\n         Pubblicato il<br \/>\n            20\/08\/2026 &#8211; 22:02 CEST\n            <\/p>\n<p>Una giovane di Burgos ha iniziato a ricevere <strong>chiamate e messaggi da sconosciuti<\/strong> dopo che il suo numero di telefono \u00e8 comparso in una scena della <strong>miniserie spagnola &#8216;\u00c1ngela&#8217;, trasmessa su<\/strong> <a href=\"https:\/\/it.euronews.com\/2026\/08\/19\/perche-una-band-metal-cristiana-fa-causa-a-netflix-per-kpop-demon-hunters\" rel=\"nofollow noopener\" target=\"_blank\"><strong>Netflix<\/strong><\/a><strong>.<\/strong><\/p>\n<p>          <img decoding=\"async\" class=\"c-ad__placeholder__logo\" src=\"https:\/\/static.euronews.com\/website\/images\/logos\/logo-euronews-stacked-outlined-72x72-grey-9.svg\" width=\"72\" height=\"72\" alt=\"\" loading=\"lazy\"\/><br \/>\n          PUBBLICIT\u00c0<\/p>\n<p>          <img decoding=\"async\" class=\"c-ad__placeholder__logo\" src=\"https:\/\/static.euronews.com\/website\/images\/logos\/logo-euronews-stacked-outlined-72x72-grey-9.svg\" width=\"72\" height=\"72\" alt=\"\" loading=\"lazy\"\/><br \/>\n          PUBBLICIT\u00c0<\/p>\n<p>I contatti arrivavano <strong>da diversi Paesi<\/strong> e alcuni contenevano <strong>materiale inappropriato<\/strong> o richieste di denaro tramite Bizum. All&#8217;inizio In\u00e9s ha pensato che si trattasse di un errore, dato che molti messaggi <strong>chiedevano di un uomo di nome Bruno<\/strong> o facevano riferimento a lezioni di surf.<\/p>\n<p>La situazione \u00e8 andata avanti <strong>per mesi<\/strong> e l&#8217;ha costretta a tenere il cellulare in silenzio per evitare chiamate a qualsiasi ora.<\/p>\n<p>La giovane <strong>ha scoperto che il suo numero compariva nella serie<\/strong> dopo che un&#8217;altra spettatrice l&#8217;ha avvertita. Nella scena si vedeva uno dei personaggi alla ricerca del contatto di un istruttore di surf.<\/p>\n<p>Dopo averlo verificato, In\u00e9s ha presentato un reclamo a <a href=\"https:\/\/it.euronews.com\/tag\/netflix\" rel=\"nofollow noopener\" target=\"_blank\">Netflix<\/a>, Atresmedia e Buend\u00eda Estudios e si \u00e8 rivolta anche all&#8217;Agencia Espa\u00f1ola de Protecci\u00f3n de Datos.<\/p>\n<p><strong>Undici giorni dopo, l&#8217;episodio \u00e8 stato modificato<\/strong> e il numero ha smesso di coincidere con il suo. L&#8217;Agencia Espa\u00f1ola de Protecci\u00f3n de Datos, per\u00f2, ha infine respinto il suo reclamo, ritenendo che un numero di telefono pubblicato da solo non permetta necessariamente di identificare in modo univoco una persona.<\/p>\n","protected":false},"excerpt":{"rendered":"Pubblicato il 20\/08\/2026 &#8211; 22:02 CEST Una giovane di Burgos ha iniziato a ricevere chiamate e messaggi da&hellip;\n","protected":false},"author":3,"featured_media":643794,"comment_status":"","ping_status":"","sticky":false,"template":"","format":"standard","meta":{"footnotes":"","_share_on_mastodon":"0"},"categories":[1444],"tags":[38386,203,8118,204,1537,90,89,3166,531,253],"class_list":["post-643793","post","type-post","status-publish","format-standard","has-post-thumbnail","category-tv","tag-cyberbullismo","tag-entertainment","tag-internet","tag-intrattenimento","tag-it","tag-italia","tag-italy","tag-netflix","tag-polizia","tag-tv"],"share_on_mastodon":{"url":"https:\/\/pubeurope.com\/@it\/117137313554056302","error":""},"_links":{"self":[{"href":"https:\/\/www.europesays.com\/it\/wp-json\/wp\/v2\/posts\/643793","targetHints":{"allow":["GET"]}}],"collection":[{"href":"https:\/\/www.europesays.com\/it\/wp-json\/wp\/v2\/posts"}],"about":[{"href":"https:\/\/www.europesays.com\/it\/wp-json\/wp\/v2\/types\/post"}],"author":[{"embeddable":true,"href":"https:\/\/www.europesays.com\/it\/wp-json\/wp\/v2\/users\/3"}],"replies":[{"embeddable":true,"href":"https:\/\/www.europesays.com\/it\/wp-json\/wp\/v2\/comments?post=643793"}],"version-history":[{"count":0,"href":"https:\/\/www.europesays.com\/it\/wp-json\/wp\/v2\/posts\/643793\/revisions"}],"wp:featuredmedia":[{"embeddable":true,"href":"https:\/\/www.europesays.com\/it\/wp-json\/wp\/v2\/media\/643794"}],"wp:attachment":[{"href":"https:\/\/www.europesays.com\/it\/wp-json\/wp\/v2\/media?parent=643793"}],"wp:term":[{"taxonomy":"category","embeddable":true,"href":"https:\/\/www.europesays.com\/it\/wp-json\/wp\/v2\/categories?post=643793"},{"taxonomy":"post_tag","embeddable":true,"href":"https:\/\/www.europesays.com\/it\/wp-json\/wp\/v2\/tags?post=643793"}],"curies":[{"name":"wp","href":"https:\/\/api.w.org\/{rel}","templated":true}]}}