{"id":643830,"date":"2026-08-22T05:28:24","date_gmt":"2026-08-22T05:28:24","guid":{"rendered":"https:\/\/www.europesays.com\/it\/643830\/"},"modified":"2026-08-22T05:28:24","modified_gmt":"2026-08-22T05:28:24","slug":"noi-sotto-le-bombe-salvi-grazie-allarte-alla-musica-al-teatro-e-al-cinema-amila-ramovic-racconta-sarajevo-trentanni-dopo-e-invita-a-guardare-la-citta-oggi-con-occhi-diversi","status":"publish","type":"post","link":"https:\/\/www.europesays.com\/it\/643830\/","title":{"rendered":"\u00abNoi sotto le bombe, salvi grazie all&#8217;arte, alla musica, al teatro e al cinema\u00bb. Amila Ramovi\u0107 racconta Sarajevo trent&#8217;anni dopo e invita a guardare la citt\u00e0, oggi, con occhi diversi"},"content":{"rendered":"<p>Eccola, dunque, la citt\u00e0 che quest\u2019anno celebra i suoi primi trent\u2019anni di pace. Ancora l\u00ec, distesa fra le colline, piena di ricordi e di memoria ma, esattamente come allora, viva e vivace. <strong>Amila<\/strong>, musicologa e professoressa associata presso l&#8217;<strong>Accademia di Musica dell&#8217;Universit\u00e0 di Sarajevo<\/strong>, <strong>questa citt\u00e0 non l\u2019ha mai abbandonata<\/strong>. Neanche durante i quattro anni di assedio, quando in molti trovarono il modo di allontanarsi dalle bombe. \u00abMio padre era geologo, mia madre psichiatra. <strong>Durante la guerra non percepivano stipendio ma erano pagati con i buoni pasto e con gli aiuti internazionali.<\/strong> Ma quando vennero invitati a rifugiarsi a Parigi non sono voluti partire. Lui fu precettato alle armi e inizi\u00f2 a lavorare per la protezione civile; lei sentiva un obbligo morale a non abbandonare i suoi pazienti. Io sono rimasta per stare con loro\u00bb.<\/p>\n<p><img decoding=\"async\" alt=\"L'Hotel Holiday Inn lungo il \u201cViale dei cecchini\u201d quartier generale dei corrispondenti e delle troupe televisive di...\" loading=\"lazy\" class=\"ResponsiveImageContainer-dkeESL cQPiWi responsive-image__image\"   src=\"https:\/\/www.europesays.com\/it\/wp-content\/uploads\/2026\/08\/1787376502_447_2.jpg\"\/><\/p>\n<p>L&#8217;Hotel Holiday Inn, lungo il \u201cViale dei cecchini\u201d, quartier generale dei corrispondenti e delle troupe televisive di tutto il mondo durante gli anni dell&#8217;assedio (@MgFilippi)<\/p>\n<p><strong>Amila, com\u2019\u00e8 vivere sotto assedio?<\/strong><br \/>\u00abDurante quel tempo sono stata testimone di una vita molto particolare. \u00c8 interessante scoprire che cosa diventa importante durante la guerra. Tutto diventa normale: l\u2019adattamento \u00e8 automatico e viene naturale. Noi andavamo a scuola: mi ricordo che un giorno l&#8217;edificio venne colpito dalle granate. Tutti corsero nel corridoio per nascondersi, ma non appena la sparatoria fin\u00ec, tornammo in classe per fare un test di fisica\u00bb.<\/p>\n<p><strong>C\u2019era spazio per l\u2019arte, per la musica, per il teatro?<\/strong><br \/>\u00abDurante l&#8217;assedio, l&#8217;arte era importante quanto il cibo. L&#8217;intera citt\u00e0 era un brulicare d&#8217;arte. Si organizzarono circa 2000 concerti, quasi 200 spettacoli teatrali e un numero simile di mostre. Alcuni si svolsero in spazi culturali noti, ma molti in scantinati, ospedali, scuole, rifugi\u00bb.<\/p>\n<p><img decoding=\"async\" alt=\"Artigianato locale fra le caratteristiche strade della Ba\u0161\u010dar\u0161ija il quartiere pi\u00f9 antico della citt\u00e0\" loading=\"lazy\" class=\"ResponsiveImageContainer-dkeESL cQPiWi responsive-image__image\"   src=\"https:\/\/www.europesays.com\/it\/wp-content\/uploads\/2026\/08\/IMG_20170818_113033.jpg\"\/><\/p>\n<p>Artigianato locale fra le caratteristiche strade della Ba\u0161\u010dar\u0161ija, il quartiere pi\u00f9 antico della citt\u00e0 (@MgFilippi)<\/p>\n","protected":false},"excerpt":{"rendered":"Eccola, dunque, la citt\u00e0 che quest\u2019anno celebra i suoi primi trent\u2019anni di pace. Ancora l\u00ec, distesa fra le&hellip;\n","protected":false},"author":3,"featured_media":643831,"comment_status":"","ping_status":"","sticky":false,"template":"","format":"standard","meta":{"footnotes":"","_share_on_mastodon":"0"},"categories":[1451],"tags":[1621,1620,203,204,1537,90,89,7146],"class_list":["post-643830","post","type-post","status-publish","format-standard","has-post-thumbnail","category-celebrita","tag-celebrita","tag-celebrities","tag-entertainment","tag-intrattenimento","tag-it","tag-italia","tag-italy","tag-viaggi"],"share_on_mastodon":{"url":"https:\/\/pubeurope.com\/@it\/117137513874606345","error":""},"_links":{"self":[{"href":"https:\/\/www.europesays.com\/it\/wp-json\/wp\/v2\/posts\/643830","targetHints":{"allow":["GET"]}}],"collection":[{"href":"https:\/\/www.europesays.com\/it\/wp-json\/wp\/v2\/posts"}],"about":[{"href":"https:\/\/www.europesays.com\/it\/wp-json\/wp\/v2\/types\/post"}],"author":[{"embeddable":true,"href":"https:\/\/www.europesays.com\/it\/wp-json\/wp\/v2\/users\/3"}],"replies":[{"embeddable":true,"href":"https:\/\/www.europesays.com\/it\/wp-json\/wp\/v2\/comments?post=643830"}],"version-history":[{"count":0,"href":"https:\/\/www.europesays.com\/it\/wp-json\/wp\/v2\/posts\/643830\/revisions"}],"wp:featuredmedia":[{"embeddable":true,"href":"https:\/\/www.europesays.com\/it\/wp-json\/wp\/v2\/media\/643831"}],"wp:attachment":[{"href":"https:\/\/www.europesays.com\/it\/wp-json\/wp\/v2\/media?parent=643830"}],"wp:term":[{"taxonomy":"category","embeddable":true,"href":"https:\/\/www.europesays.com\/it\/wp-json\/wp\/v2\/categories?post=643830"},{"taxonomy":"post_tag","embeddable":true,"href":"https:\/\/www.europesays.com\/it\/wp-json\/wp\/v2\/tags?post=643830"}],"curies":[{"name":"wp","href":"https:\/\/api.w.org\/{rel}","templated":true}]}}