{"id":643847,"date":"2026-08-22T05:41:22","date_gmt":"2026-08-22T05:41:22","guid":{"rendered":"https:\/\/www.europesays.com\/it\/643847\/"},"modified":"2026-08-22T05:41:22","modified_gmt":"2026-08-22T05:41:22","slug":"meteo-a-roma-torna-il-maltempo-danni-a-massimina","status":"publish","type":"post","link":"https:\/\/www.europesays.com\/it\/643847\/","title":{"rendered":"Meteo a Roma, torna il maltempo: danni a Massimina"},"content":{"rendered":"<p>Lampi, tuoni e vento forte. Da Colle Prenestino a Monte Mario. Dopo giorni di afa e temperature roventi le piogge sono arrivate a Roma. Dal primo pomeriggio di oggi, venerd\u00ec 21 agosto, il maltempo \u00e8 arrivato in diversi quartieri della citt\u00e0, con tuoni e fulmini avvertiti nitidamente dai cittadini.\u00a0<\/p>\n<p>Il temporale, in realt\u00e0, ha avuto una durata piuttosto breve, ma non ha mancato di fare danni, seppur di lieve entit\u00e0, in particolare nel quartiere Massimina. Sono caduti alcuni rami e dalla scuola di via Ildebrando della Giovanna, a causa del forte vento, alcuni materiali di una copertura si sono staccati finendo in prossimit\u00e0 della sede della protezione civile, sempre sulla stessa strada.<\/p>\n<p>La situazione a Massimina<\/p>\n<p>Secondo quanto si apprende dal municipio XII, a causa del maltempo e delle forti raffiche di vento alcuni materiali di una copertura del plesso scolastico di via Ildebrando della Giovanna 125, si sarebbero staccati, finendo poi in prossimit\u00e0 della sede della protezione civile, lungo la stessa strada. La stima dei danni \u00e8 ancora in corso. Non risultano persone coinvolte e sono gi\u00e0 in corso gli interventi per rimuovere rami e strutture cadute. Sul posto sono intervenuti i vigili del fuoco.<\/p>\n<p><img loading=\"lazy\" decoding=\"async\" style=\"aspect-ratio:1200\/1060;\" src=\"https:\/\/www.europesays.com\/it\/wp-content\/uploads\/2026\/08\/danni-massimina.jpeg\" alt=\"danni massimina\" width=\"1200\" height=\"1060\" title=\"danni massimina\"\/>I danni a MassiminaFulmini e raffiche di vento a Roma<\/p>\n<p>Raffiche di vento sono state segnalate sulla A24, nel tratto compreso tra l&#8217;allacciamento al \u00a0Gra e lo svincolo della Tangenziale Est (Km 7,2). Ma anche sulla A12 Roma-Civitavecchia, in particolare all&#8217;altezza dell&#8217;allacciamento A91 Roma-Fiumicino e Svincolo S.Severa-S.Marinella (Km 41,1). Attenzione anche sull&#8217;A1 Diramazione Roma Nord, dove le piogge sono particolarmente forti nel tratto compreso tra l&#8217;allacciamento A1 Milano-Napoli (Km 1,2) e l&#8217;allacciamento A90-Gra (Km 21,5).\u00a0<\/p>\n<p>Fulmini e tuoni sono stati avvertiti inoltre in diversi quartieri della citt\u00e0: da Colle Prenestino a Monte Mario, fino a Fidene e al Comune di Fonte Nuova.\u00a0<\/p>\n","protected":false},"excerpt":{"rendered":"Lampi, tuoni e vento forte. Da Colle Prenestino a Monte Mario. Dopo giorni di afa e temperature roventi&hellip;\n","protected":false},"author":3,"featured_media":643848,"comment_status":"","ping_status":"","sticky":false,"template":"","format":"standard","meta":{"footnotes":"","_share_on_mastodon":"0"},"categories":[6],"tags":[14,8,1537,90,89,437,7,15,82,9,83,10,634,13,11,80,84,12,81,85],"class_list":["post-643847","post","type-post","status-publish","format-standard","has-post-thumbnail","category-ultime-notizie","tag-cronaca","tag-headlines","tag-it","tag-italia","tag-italy","tag-maltempo","tag-news","tag-notizie","tag-notizie-di-cronaca","tag-notizie-principali","tag-notiziedicronaca","tag-notizieprincipali","tag-pioggia","tag-titoli","tag-ultime-notizie","tag-ultime-notizie-di-cronaca","tag-ultime-notizie-e-news-di-oggi","tag-ultimenotizie","tag-ultimenotiziedicronaca","tag-ultimenotizieenewsdioggi"],"share_on_mastodon":{"url":"https:\/\/pubeurope.com\/@it\/117137565128633713","error":""},"_links":{"self":[{"href":"https:\/\/www.europesays.com\/it\/wp-json\/wp\/v2\/posts\/643847","targetHints":{"allow":["GET"]}}],"collection":[{"href":"https:\/\/www.europesays.com\/it\/wp-json\/wp\/v2\/posts"}],"about":[{"href":"https:\/\/www.europesays.com\/it\/wp-json\/wp\/v2\/types\/post"}],"author":[{"embeddable":true,"href":"https:\/\/www.europesays.com\/it\/wp-json\/wp\/v2\/users\/3"}],"replies":[{"embeddable":true,"href":"https:\/\/www.europesays.com\/it\/wp-json\/wp\/v2\/comments?post=643847"}],"version-history":[{"count":0,"href":"https:\/\/www.europesays.com\/it\/wp-json\/wp\/v2\/posts\/643847\/revisions"}],"wp:featuredmedia":[{"embeddable":true,"href":"https:\/\/www.europesays.com\/it\/wp-json\/wp\/v2\/media\/643848"}],"wp:attachment":[{"href":"https:\/\/www.europesays.com\/it\/wp-json\/wp\/v2\/media?parent=643847"}],"wp:term":[{"taxonomy":"category","embeddable":true,"href":"https:\/\/www.europesays.com\/it\/wp-json\/wp\/v2\/categories?post=643847"},{"taxonomy":"post_tag","embeddable":true,"href":"https:\/\/www.europesays.com\/it\/wp-json\/wp\/v2\/tags?post=643847"}],"curies":[{"name":"wp","href":"https:\/\/api.w.org\/{rel}","templated":true}]}}