{"id":643856,"date":"2026-08-22T06:00:16","date_gmt":"2026-08-22T06:00:16","guid":{"rendered":"https:\/\/www.europesays.com\/it\/643856\/"},"modified":"2026-08-22T06:00:16","modified_gmt":"2026-08-22T06:00:16","slug":"pedocin-il-lido-dove-donne-e-uomini-sono-separati-piace-soprattutto-alle-signore-ombrelloni-gratis-si-paga-solo-120-euro-dingresso","status":"publish","type":"post","link":"https:\/\/www.europesays.com\/it\/643856\/","title":{"rendered":"Pedocin, il lido dove donne e uomini sono separati: \u00abPiace soprattutto alle signore\u00bb. Ombrelloni gratis, si paga solo 1,20 euro d&#8217;ingresso"},"content":{"rendered":"<p>&#13;<br \/>\n                               &#13;<br \/>\n                                                &#13;<br \/>\n                &#13;<\/p>\n<p>Il Pedoc\u00ecn a <a href=\"https:\/\/www.leggo.it\/t\/trieste\" rel=\"nofollow noopener\" target=\"_blank\">Trieste<\/a> non \u00e8 una tradizione, \u00e8 una appartenenza, quasi una categoria dello spirito. Quando gli austriaci sono andati via dal capoluogo dopo oltre 500 anni, hanno lasciato uno spirito mitteleuropeo, tante caratteristiche dell&#8217;Europa continentale e quel lido balneare (il \u00abbagno\u00bb per i triestini) inaugurato nel 1903 dove &#8211; secondo le abitudini dell&#8217;epoca &#8211; uomini e donne si tuffavano separatamente indossando quei costumi ascellari che oggi reputiamo ridicoli.<\/p>\n<p>&#13;<br \/>\n&#13;<\/p>\n<p>Quel \u00abbagno\u00bb, Alla Lanterna (Pedoc\u00ecn per i triestini), come \u00e8 uso nel capoluogo \u00e8 rimasto cos\u00ec com&#8217;era, se si escludono piccole modifiche e qualche elemento di comodit\u00e0 in pi\u00f9: maschi da un lato e donne dall&#8217;altro oltre il muro bianco di 74 metri. E guai ad oltrepassarlo.<\/p>\n<p>&#13;<br \/>\n&#13;<br \/>\nGli incassi certificano il boom&#13;<br \/>\n&#13;<\/p>\n<p>Ora che sta scemando questo caldissimo mese di agosto, il Comune, che gestisce l&#8217;impianto, ha fatto un po&#8217; di conti confermando non solo la cieca fedelt\u00e0 dei triestini a quel luogo cult simbolo della citt\u00e0, e scoprendo che il numero di bagnanti \u00e8 stato tale da stabilire un record. Ben 106.696 presenze in soli tre mesi per un incasso complessivo di circa 120mila euro.<\/p>\n<p>&#13;<br \/>\n&#13;<\/p>\n<p>Una cifra vertiginosa se si pensa che al Pedoc\u00ecn non si pagano i 30 o i 50 euro quotidiani per ombrellone e sedie a sdraio come ogni altro stabilimento ma soltanto un ingresso di 1,20 euro. Meno di un corsa in autobus. A frequentare il Pedoc\u00ecn sono soprattutto donne: solo a luglio sono stati staccati 53.610 biglietti contro i 34.885 del 2026 e i 40.160 del 2024.<\/p>\n<p>&#13;<br \/>\n&#13;<\/p>\n<p><img decoding=\"async\" alt=\"\" src=\"https:\/\/www.europesays.com\/it\/wp-content\/uploads\/2026\/08\/onecms_1t811osekbqh6h8gsl5_15u4tvlupz4_21202710.jpg\"\/><\/p>\n<p>&#13;<br \/>\n&#13;<\/p>\n<p>A giugno, invece, gli ingressi sono stati 36.051, un numero inferiore rispetto ai 40.373 dello scorso anno, ma ben superiori rispetto allo stesso mese del 2024, quando i ticket furono 22.353. <\/p>\n<p>A maggio, inoltre (che corrisponde al primo mese a pagamento) sono stati staccati 17.035 biglietti, tanti di pi\u00f9 rispetto ai 10.315 del 2025 e ai 7.393 del 2024. Si tratta di numeri comprensivi degli ingressi gratuiti (bambini sotto i 12 anni e disabili con accompagnatore).&#13;<br \/>\n&#13;<\/p>\n<p>A cosa si deve questo incremento? Se si considera che la popolazione giuliana non cresce e che costante \u00e8 il numero di coloro che frequentano lo stabilimento, non restano che i tanti turisti che affollano la citt\u00e0 e che trovano una attrazione notevole in questo impianto unico in Europa nel suo genere. Ma non si pensi a una citt\u00e0 bacchettona o bigotta, tutt&#8217;altro. In costiera, dall&#8217;altra parte di Trieste c&#8217;\u00e8 un&#8217;ampia zona dedicata ai naturisti, qui sorse la prima associazione in Italia del settore.<\/p>\n<p>&#13;<br \/>\n&#13;<\/p>\n<p>Ma l&#8217;appartenenza \u00e8 un&#8217;altra cosa e la tradizione del Pedoc\u00ecn \u00e8 affidata soprattutto alle gelose custodi donne che nel loro affollato settore trovano una riconquistata libert\u00e0, lontane dai maschi, come usano sottolineare,<\/p>\n<p>                                &#13;<br \/>\n                &#13;<br \/>\n&#13;<br \/>\n                Ultimo aggiornamento: sabato 22 agosto 2026, 05:00&#13;<br \/>\n                <br \/>&#13;<br \/>\n                &#13;<br \/>\n                  &#13;<br \/>\n                    &#13;<br \/>\n                        \u00a9 RIPRODUZIONE RISERVATA&#13;<\/p>\n<p>&#13;<\/p>\n<p>                    &#13;<\/p>\n","protected":false},"excerpt":{"rendered":"&#13; &#13; &#13; &#13; Il Pedoc\u00ecn a Trieste non \u00e8 una tradizione, \u00e8 una appartenenza, quasi una categoria&hellip;\n","protected":false},"author":3,"featured_media":643857,"comment_status":"","ping_status":"","sticky":false,"template":"","format":"standard","meta":{"footnotes":"","_share_on_mastodon":"0"},"categories":[1442],"tags":[203,454,204,1537,90,89,355306,1521,6687],"class_list":["post-643856","post","type-post","status-publish","format-standard","has-post-thumbnail","category-film","tag-entertainment","tag-film","tag-intrattenimento","tag-it","tag-italia","tag-italy","tag-lido-pedocin","tag-movies","tag-trieste"],"share_on_mastodon":{"url":"https:\/\/pubeurope.com\/@it\/117137640077967441","error":""},"_links":{"self":[{"href":"https:\/\/www.europesays.com\/it\/wp-json\/wp\/v2\/posts\/643856","targetHints":{"allow":["GET"]}}],"collection":[{"href":"https:\/\/www.europesays.com\/it\/wp-json\/wp\/v2\/posts"}],"about":[{"href":"https:\/\/www.europesays.com\/it\/wp-json\/wp\/v2\/types\/post"}],"author":[{"embeddable":true,"href":"https:\/\/www.europesays.com\/it\/wp-json\/wp\/v2\/users\/3"}],"replies":[{"embeddable":true,"href":"https:\/\/www.europesays.com\/it\/wp-json\/wp\/v2\/comments?post=643856"}],"version-history":[{"count":0,"href":"https:\/\/www.europesays.com\/it\/wp-json\/wp\/v2\/posts\/643856\/revisions"}],"wp:featuredmedia":[{"embeddable":true,"href":"https:\/\/www.europesays.com\/it\/wp-json\/wp\/v2\/media\/643857"}],"wp:attachment":[{"href":"https:\/\/www.europesays.com\/it\/wp-json\/wp\/v2\/media?parent=643856"}],"wp:term":[{"taxonomy":"category","embeddable":true,"href":"https:\/\/www.europesays.com\/it\/wp-json\/wp\/v2\/categories?post=643856"},{"taxonomy":"post_tag","embeddable":true,"href":"https:\/\/www.europesays.com\/it\/wp-json\/wp\/v2\/tags?post=643856"}],"curies":[{"name":"wp","href":"https:\/\/api.w.org\/{rel}","templated":true}]}}