{"id":643928,"date":"2026-08-22T07:08:22","date_gmt":"2026-08-22T07:08:22","guid":{"rendered":"https:\/\/www.europesays.com\/it\/643928\/"},"modified":"2026-08-22T07:08:22","modified_gmt":"2026-08-22T07:08:22","slug":"vasto-torna-capitale-del-beach-volley-da-venerdi-21-agosto-al-via-il-campionato-italiano-assoluto-2026","status":"publish","type":"post","link":"https:\/\/www.europesays.com\/it\/643928\/","title":{"rendered":"Vasto torna capitale del beach volley: da venerd\u00ec 21 agosto al via il Campionato Italiano Assoluto 2026"},"content":{"rendered":"<p class=\"has-drop-cap wp-block-paragraph\">Vasto si prepara a ospitare, per il quarto anno consecutivo, una tappa del Campionato Italiano Assoluto di beach volley. Da domani, venerd\u00ec 21 agosto, fino a domenica 23, la spiaggia vastese sar\u00e0 teatro di tre giorni di gare con <strong>78 coppie al via, 36 femminili e 42 maschili, tra qualificazioni e tabellone principale<\/strong>. A sostenere l\u2019organizzazione dell\u2019evento sar\u00e0 una macchina composta da circa ottanta persone, chiamata a gestire una manifestazione che porter\u00e0 in Abruzzo molti dei principali interpreti del circuito nazionale.<\/p>\n<p><img fetchpriority=\"high\" decoding=\"async\" width=\"1024\" height=\"683\" src=\"https:\/\/www.europesays.com\/it\/wp-content\/uploads\/2026\/08\/beachvolley2025vasto-7.jpg\" alt=\"\" class=\"wp-image-261692\"  \/><\/p>\n<p class=\"wp-block-paragraph\">Il Campionato Italiano Assoluto 2026 arriva a Vasto dopo una prima parte di stagione particolarmente equilibrata. <strong>Finora soltanto Tobia Marchetto e Michael Burgmann sono riusciti a vincere due tappe<\/strong>, affermandosi come la coppia pi\u00f9 continua anche grazie al successo nella tappa Gold di Termoli. Nelle altre prove, invece, si sono alternati diversi protagonisti. A Falconara Marittima hanno conquistato il primo posto Mauro Sacripanti e Giacomo Titta, mentre la Gold di Marina di Modica \u00e8 andata a Manuel Alfieri e Alex Ranghieri. A Marina di Ravenna hanno vinto Giacomo Spadoni e Marco Ulisse, <strong>a Montesilvano Marco Viscovich e Davide Borraccino<\/strong> e a San Cataldo Riccardo Iervolino e Matteo Marchesan. Anche il torneo femminile ha visto alternarsi diverse coppie sul gradino pi\u00f9 alto del podio. <strong>La tappa inaugurale \u00e8 stata vinta da Valentina Gottardi e Reka Orsi Toth<\/strong>, mentre a Marina di Modica si sono imposte Claudia Puccinelli e Aurora Mattavelli. Federica Frasca e Alice Gradini hanno conquistato la prova di Montesilvano, mentre Chiara They e Sara Breidenbach hanno ottenuto due successi, a Marina di Ravenna e nella Gold di Termoli.<\/p>\n<p><img loading=\"lazy\" decoding=\"async\" width=\"1024\" height=\"683\" src=\"https:\/\/www.europesays.com\/it\/wp-content\/uploads\/2026\/08\/beachvolley2025vasto-1.jpg\" alt=\"\" class=\"wp-image-261690\"  \/><\/p>\n<p class=\"wp-block-paragraph\">A Vasto sono attese praticamente tutte le coppie di riferimento del movimento italiano. Tra gli uomini ci sar\u00e0 Manuel Alfieri, che per questa occasione giocher\u00e0 con Gabriel Moreira, figlio del campione argentino Paul\u00e3o Moreira. <strong>Alfieri sar\u00e0 infatti privo di Alex Ranghieri, impegnato in questi giorni in un torneo internazionale<\/strong>. Al via anche Riccardo Iervolino e Matteo Marchesan, reduci dal successo di San Cataldo e sempre pi\u00f9 presenti nelle posizioni di vertice del circuito, e Marco Viscovich e Davide Borraccino, vincitori della Gold di Montesilvano.<\/p>\n<p><img loading=\"lazy\" decoding=\"async\" width=\"1024\" height=\"683\" src=\"https:\/\/www.europesays.com\/it\/wp-content\/uploads\/2026\/08\/beachvolley2025vasto-3.jpg\" alt=\"\" class=\"wp-image-261691\"  \/><\/p>\n<p class=\"wp-block-paragraph\"><strong>Nel tabellone ci sar\u00e0 inoltre Daniele Lupo,<\/strong> olimpionico e tra i nomi pi\u00f9 conosciuti del beach volley italiano. Non mancheranno gli atleti legati al territorio. Il vastese Alberto Di Tascono sar\u00e0 impegnato nelle qualificazioni davanti al pubblico di casa, mentre il vastese d\u2019adozione Matteo Bertoli scender\u00e0 in campo in coppia con Marco Tascone. <strong>La manifestazione, nella Beach Arena del Lido Acapulco in Viale Duca degli Abruzzi, prender\u00e0 il via con le qualificazioni<\/strong>, mentre nel fine settimana si entrer\u00e0 nel vivo con il tabellone principale. Le finali sono in programma domenica, quando Vasto assegner\u00e0 una tappa importante nella corsa al titolo italiano 2026. Per la citt\u00e0 sar\u00e0 la quarta presenza consecutiva nel calendario del Campionato Italiano Assoluto, confermando l\u2019appuntamento sul litorale vastese tra quelli ormai consolidati della stagione nazionale di beach volley.<\/p>\n","protected":false},"excerpt":{"rendered":"Vasto si prepara a ospitare, per il quarto anno consecutivo, una tappa del Campionato Italiano Assoluto di beach&hellip;\n","protected":false},"author":3,"featured_media":643929,"comment_status":"","ping_status":"","sticky":false,"template":"","format":"standard","meta":{"footnotes":"","_share_on_mastodon":"0"},"categories":[1474],"tags":[11813,343464,1537,90,89,245,244,355356,1869],"class_list":["post-643928","post","type-post","status-publish","format-standard","has-post-thumbnail","category-volley","tag-abruzzo","tag-campionato-italiano-beach-volley","tag-it","tag-italia","tag-italy","tag-sport","tag-sports","tag-tappa-vastese","tag-volley"],"share_on_mastodon":{"url":"https:\/\/pubeurope.com\/@it\/117137907467971777","error":""},"_links":{"self":[{"href":"https:\/\/www.europesays.com\/it\/wp-json\/wp\/v2\/posts\/643928","targetHints":{"allow":["GET"]}}],"collection":[{"href":"https:\/\/www.europesays.com\/it\/wp-json\/wp\/v2\/posts"}],"about":[{"href":"https:\/\/www.europesays.com\/it\/wp-json\/wp\/v2\/types\/post"}],"author":[{"embeddable":true,"href":"https:\/\/www.europesays.com\/it\/wp-json\/wp\/v2\/users\/3"}],"replies":[{"embeddable":true,"href":"https:\/\/www.europesays.com\/it\/wp-json\/wp\/v2\/comments?post=643928"}],"version-history":[{"count":0,"href":"https:\/\/www.europesays.com\/it\/wp-json\/wp\/v2\/posts\/643928\/revisions"}],"wp:featuredmedia":[{"embeddable":true,"href":"https:\/\/www.europesays.com\/it\/wp-json\/wp\/v2\/media\/643929"}],"wp:attachment":[{"href":"https:\/\/www.europesays.com\/it\/wp-json\/wp\/v2\/media?parent=643928"}],"wp:term":[{"taxonomy":"category","embeddable":true,"href":"https:\/\/www.europesays.com\/it\/wp-json\/wp\/v2\/categories?post=643928"},{"taxonomy":"post_tag","embeddable":true,"href":"https:\/\/www.europesays.com\/it\/wp-json\/wp\/v2\/tags?post=643928"}],"curies":[{"name":"wp","href":"https:\/\/api.w.org\/{rel}","templated":true}]}}