{"id":644031,"date":"2026-08-22T08:49:17","date_gmt":"2026-08-22T08:49:17","guid":{"rendered":"https:\/\/www.europesays.com\/it\/644031\/"},"modified":"2026-08-22T08:49:17","modified_gmt":"2026-08-22T08:49:17","slug":"papa-leone-xiv-in-visita-a-san-marino-non-ce-liberta-civile-senza-liberta-personale","status":"publish","type":"post","link":"https:\/\/www.europesays.com\/it\/644031\/","title":{"rendered":"Papa Leone XIV in visita a San Marino: &#8216;Non c\u2019\u00e8 libert\u00e0 civile senza libert\u00e0 personale&#8217;"},"content":{"rendered":"<p>Papa Leone XIV \u00e8 impegnato oggi,\u00a0sabato 22 agosto, in una visita pastorale &#8211; la sesta in Italia &#8211; divisa in tre tappe: prima la Repubblica di San Marino, dove il Pontefice \u00e8 arrivato poco prima delle 9, poi intorno alle 15 il Meeting per l&#8217;Amicizia fra i Popoli e infine, dalle 17.30, la citt\u00e0 di Rimini. In mezzo, secondo il programma diffuso dalla\u00a0<a href=\"https:\/\/www.vatican.va\/content\/leo-xiv\/it\/travels\/2026\/documents\/repubblica-sanmarino-rimini-22agosto2026.html\" rel=\"nofollow noopener\" target=\"_blank\">Sala stampa della Santa Sede<\/a>, la visita privata alle agostiniane del monastero di Sant\u2019Antonio da Padova. Leone \u00e8 il terzo Pontefice a visitare San Marino, dopo Giovanni Paolo II e Benedetto XVI. \u00c8 anche il primo capo di Stato, almeno negli ultimi 40 anni, ad affacciarsi dal balcone centrale del Palazzo Pubblico. &#8220;Non c\u2019\u00e8 vera libert\u00e0 civile senza libert\u00e0 personale e rispetto della dignit\u00e0 umana&#8221;, ha detto il Papa nel suo discorso alle autorit\u00e0 di San Marino. Poi ha messo in guardia da &#8220;quei progetti politici ed economici che si presentano in nome della libert\u00e0, ma in realt\u00e0 sono schiavi degli idoli e del potere&#8221;.<\/p>\n<p>\t\t \tIl Papa a San Marino<\/p>\n<p>Il Papa \u00e8 arrivato in elicottero a San Marino &#8211; all&#8217;Aviosuperficie di Torraccia &#8211; poco prima delle 9, dopo essere partito circa un\u2019ora prima dall&#8217;eliporto del Vaticano. \u00c8 stato accolto dai Capitani reggenti della Repubblica, Alice Mina e Vladimiro Selva. Prevost si \u00e8 poi spostato in Piazza della Libert\u00e0, dove ha ricevuto gli onori militari con l&#8217;esecuzione degli Inni.\u00a0Il Papa e i Capitani reggenti, dopo la presentazione dei Segretari di Stato nel Palazzo Pubblico, hanno raggiunto la Sala Consiglio dei XII, per il colloquio privato e la firma del Libro degli Ospiti Illustri. Poco dopo c&#8217;\u00e8 stato l&#8217;incontro presso la Sala del Consiglio Grande e Generale, dove il Papa ha anche ricevuto in dono una felpa della squadra di San Marino che partecipa ai <a data-intcmp=\"skytg24_foglia articolo_interlink_text\" href=\"https:\/\/tg24.sky.it\/politica\/2026\/08\/21\/mattarella-meloni-giochi-mediterraneo-taranto\" rel=\"nofollow noopener\" target=\"_blank\">Giochi del Mediterraneo<\/a> in corso a Taranto. Leone XIV si \u00e8 poi affacciato con i Capitani reggenti dal balcone centrale del Palazzo Pubblico per un saluto e la benedizione ai fedeli in piazza.<\/p>\n<p>\t\t\t<a class=\"c-inline-card j-inline-card c-inline-card--with-image\" href=\"https:\/\/tg24.sky.it\/mondo\/2026\/08\/22\/papa-leone-xiv-meeting-rimini\" rel=\"follow nofollow noopener\" data-intcmp=\"skytg24_articolo_approfondimenti_inline\" target=\"_blank\"><\/p>\n<p>\t\t\t         <img decoding=\"async\" crossorigin=\"anonymous\" alt=\"\"  loading=\"lazy\"  src=\"https:\/\/www.europesays.com\/it\/wp-content\/uploads\/2026\/08\/papa_ansa.jpg\"\/><\/p>\n<p>\n\t\t\t         Vedi anche<br \/>\n\t\t\t         Papa Leone XIV oggi al Meeting di Rimini, il programma e gli eventi\n\t\t\t      <\/p>\n<p>\t\t\t<\/a><\/p>\n<p>\t\t \tIl Papa: \u201cNon c\u2019\u00e8 vera libert\u00e0 civile senza libert\u00e0 personale\u201d<\/p>\n<p>Nel suo discorso alle autorit\u00e0 di San Marino, il Papa ha parlato del tema della libert\u00e0. &#8220;Nel contesto della storia di un popolo e di uno Stato, essa esprime certamente l&#8217;aspirazione ad autodeterminarsi, a non dipendere da altre autorit\u00e0 politiche. Ma, nello stesso tempo, Libertas significa molto di pi\u00f9&#8221;, ha sottolineato il Pontefice. &#8220;Anzitutto \u2013 ha aggiunto \u2013 desidero sottolineare che non c&#8217;\u00e8 vera libert\u00e0 civile senza libert\u00e0 personale, cio\u00e8 senza il rispetto e la promozione della dignit\u00e0 della persona umana, di cui la libert\u00e0 \u00e8 una componente essenziale&#8221;.<\/p>\n<p>\u201cNo a progetti politici ed economici schiavi degli idoli e del potere\u201d<\/p>\n<p>&#8220;La libert\u00e0 si realizza nel dono, nella comunione, nell&#8217;incontro e nel dialogo&#8221;, ha detto ancora il Papa nel suo discorso alle autorit\u00e0. Talvolta, ha aggiunto, invece ci troviamo &#8220;di fronte all&#8217;idolatria che guasta alla radice quei progetti politici ed economici che si presentano in nome della libert\u00e0, ma in realt\u00e0 sono schiavi degli idoli e del potere. Nella visione cristiana, libert\u00e0 e comunione stanno o cadono insieme&#8221;.<\/p>\n<p>L&#8217;omaggio a chi difende\u00a0la libert\u00e0 &#8220;anche pagando costi personali&#8221;<\/p>\n<p>Il Papa ha poi reso omaggio a tutte quelle persone che difendono la libert\u00e0 anche pagando costi personali. &#8220;Promuovere la libert\u00e0 comporta difendere gli spazi della coscienza. E qui il pensiero va ai tanti uomini e donne che, in ogni epoca e in ogni luogo, sono martiri della libert\u00e0 perch\u00e9 testimoniano proprio il primato della coscienza. Saldamente formati dalla ricerca della verit\u00e0, essi sono pienamente responsabili delle proprie decisioni e dunque liberi da ogni vincolo che non sia quello, proprio della creatura, che li lega a Dio&#8221;. Citando San Tommaso Moro, patrono dei governanti e dei politici, Papa Leone ha detto ancora: &#8220;Anche oggi, in molte parti del mondo, non mancano persone che rimangono fedeli alla loro coscienza anche in contesti di forte avversit\u00e0, testimoni della vera libert\u00e0, quella che deriva dall&#8217;essere figli e figlie di Dio. Con ammirazione esprimiamo la nostra solidariet\u00e0 a quanti, in questo momento, pagano di persona per non aver tradito la propria coscienza&#8221;.<\/p>\n<p>\t\t\t<a class=\"c-inline-card j-inline-card c-inline-card--with-image\" href=\"https:\/\/tg24.sky.it\/mondo\/2026\/08\/20\/papa-leone-xiv-giornata-mondiale-creato\" rel=\"follow nofollow noopener\" data-intcmp=\"skytg24_articolo_approfondimenti_inline\" target=\"_blank\"><\/p>\n<p>\t\t\t         <img decoding=\"async\" crossorigin=\"anonymous\" alt=\"\"  loading=\"lazy\"  src=\"https:\/\/www.europesays.com\/it\/wp-content\/uploads\/2026\/08\/1118060_1786877795065_thumb_494.0000001_1786878866341.jpg\"\/><\/p>\n<p>\n\t\t\t         Vedi anche<br \/>\n\t\t\t         Il Papa: &#8220;La guerra \u00e8 un fallimento politico e morale&#8221;\n\t\t\t      <\/p>\n<p>\t\t\t<\/a><\/p>\n<p>\t\t\tLa visita in Basilica e la partenza<\/p>\n<p>Alle 11.45 \u00e8 previsto il trasferimento del Papa alla Basilica di San Marino, dove ad accoglierlo c&#8217;\u00e8 il vescovo di San Marino-Montefeltro, monsignor Domenico Beneventi, e don Marco Mazzanti, rettore della Basilica. &#8220;L&#8217;incontro con il Papa sar\u00e0 il pi\u00f9 grande spettacolo dopo il big bang&#8221;, ha detto nelle scorse ore il vescovo, citando Jovanotti, a San Marino Rtv. A seguire, l&#8217;adorazione del Santissimo Sacramento e la venerazione delle Reliquie di San Marino con i sacerdoti, i consacrati e i rappresentanti della vita ecclesiale della Diocesi. Dopo il saluto alle 12.15 ai fedeli presenti in piazza, il Pontefice ripartir\u00e0 alle 12.45 dall&#8217;Aviosuperficie di Torraccia per recarsi in visita strettamente privata alla comunit\u00e0 del Monastero Sant&#8217;Antonio da Padova delle Monache Agostiniane a Pennabilli.<\/p>\n<p>\t\t \tLo spostamento a Rimini<\/p>\n<p>Nel pomeriggio poi il Papa si sposta a Rimini: dopo l&#8217;atterraggio alle 14.45 all&#8217;eliporto della Fiera, visiter\u00e0 la Mostra su Sant\u2019Agostino e quella su Leon Harmel, poi al Villaggio dei Ragazzi \u00e8 previsto un saluto ai partecipanti al Meeting di Cl, seguito alle 16 dall&#8217;Incontro nel Grande Auditorium. Infine il Pontefice andr\u00e0 alle 17.30 nella Cattedrale di Rimini, per l&#8217;incontro con malati, disabili e poveri assistiti dalla Caritas. Alle 18.30 la concelebrazione della messa nel Porto di Rimini, prima della ripartenza alle 20 per Roma, con atterraggio in Vaticano previsto alle 21.<\/p>\n<p>\t\t\t<a class=\"c-inline-card j-inline-card c-inline-card--with-image\" href=\"https:\/\/tg24.sky.it\/cronaca\/2026\/08\/20\/meeting-rimini-2026-programma-ospiti\" rel=\"follow nofollow noopener\" data-intcmp=\"skytg24_articolo_approfondimenti_inline\" target=\"_blank\"><\/p>\n<p>\t\t\t         <img decoding=\"async\" crossorigin=\"anonymous\" alt=\"\"  loading=\"lazy\"  src=\"https:\/\/www.europesays.com\/it\/wp-content\/uploads\/2026\/08\/IPA_Agency_FGR4146425.jpg\"\/><\/p>\n<p>\n\t\t\t         Vedi anche<br \/>\n\t\t\t         Meeting Rimini 2026, Papa Leone XIV tra gli ospiti: il programma\n\t\t\t      <\/p>\n<p>\t\t\t<\/a><\/p>\n","protected":false},"excerpt":{"rendered":"Papa Leone XIV \u00e8 impegnato oggi,\u00a0sabato 22 agosto, in una visita pastorale &#8211; la sesta in Italia &#8211;&hellip;\n","protected":false},"author":3,"featured_media":644032,"comment_status":"","ping_status":"","sticky":false,"template":"","format":"standard","meta":{"footnotes":"","_share_on_mastodon":"0"},"categories":[79],"tags":[14,93,94,369,1537,90,89,7,15,7393,690,1358,10973,11,84,91,12,85,92,1329,4468],"class_list":["post-644031","post","type-post","status-publish","format-standard","has-post-thumbnail","category-italia","tag-cronaca","tag-cronaca-italiana","tag-cronacaitaliana","tag-digitall","tag-it","tag-italia","tag-italy","tag-news","tag-notizie","tag-notwitter","tag-papa","tag-papa-leone-xiv","tag-rimini","tag-ultime-notizie","tag-ultime-notizie-e-news-di-oggi","tag-ultime-notizie-italia","tag-ultimenotizie","tag-ultimenotizieenewsdioggi","tag-ultimenotizieitalia","tag-vaticano","tag-visita"],"share_on_mastodon":{"url":"","error":""},"_links":{"self":[{"href":"https:\/\/www.europesays.com\/it\/wp-json\/wp\/v2\/posts\/644031","targetHints":{"allow":["GET"]}}],"collection":[{"href":"https:\/\/www.europesays.com\/it\/wp-json\/wp\/v2\/posts"}],"about":[{"href":"https:\/\/www.europesays.com\/it\/wp-json\/wp\/v2\/types\/post"}],"author":[{"embeddable":true,"href":"https:\/\/www.europesays.com\/it\/wp-json\/wp\/v2\/users\/3"}],"replies":[{"embeddable":true,"href":"https:\/\/www.europesays.com\/it\/wp-json\/wp\/v2\/comments?post=644031"}],"version-history":[{"count":0,"href":"https:\/\/www.europesays.com\/it\/wp-json\/wp\/v2\/posts\/644031\/revisions"}],"wp:featuredmedia":[{"embeddable":true,"href":"https:\/\/www.europesays.com\/it\/wp-json\/wp\/v2\/media\/644032"}],"wp:attachment":[{"href":"https:\/\/www.europesays.com\/it\/wp-json\/wp\/v2\/media?parent=644031"}],"wp:term":[{"taxonomy":"category","embeddable":true,"href":"https:\/\/www.europesays.com\/it\/wp-json\/wp\/v2\/categories?post=644031"},{"taxonomy":"post_tag","embeddable":true,"href":"https:\/\/www.europesays.com\/it\/wp-json\/wp\/v2\/tags?post=644031"}],"curies":[{"name":"wp","href":"https:\/\/api.w.org\/{rel}","templated":true}]}}