{"id":644033,"date":"2026-08-22T08:50:16","date_gmt":"2026-08-22T08:50:16","guid":{"rendered":"https:\/\/www.europesays.com\/it\/644033\/"},"modified":"2026-08-22T08:50:16","modified_gmt":"2026-08-22T08:50:16","slug":"meteo-nuova-e-forse-ultima-ondata-di-caldo-sullitalia-picchi-fino-a-38-gradi-ecco-quanto-durera","status":"publish","type":"post","link":"https:\/\/www.europesays.com\/it\/644033\/","title":{"rendered":"Meteo, nuova (e forse ultima) ondata di caldo sull&#8217;Italia: picchi fino a 38 gradi, ecco quanto durer\u00e0"},"content":{"rendered":"<p>Dopo il passaggio dell&#8217;ultima perturbazione che venerd\u00ec avr\u00e0 coinvolto il Centro-Nord Italia, l&#8217;anticiclone torner\u00e0 a rinforzarsi alle latitudini mediterranee, espandendosi verso nord. <strong>Le condizioni del tempo saranno quindi in miglioramento nel weekend e le temperature torneranno ad aumentare, ma senza alcun eccesso di calore sulle regioni centro-settentrionali<\/strong>. Il caldo intenso rimarr\u00e0 confinato al Sud Italia, anche se con qualche grado in meno rispetto agli ultimi giorni. Tuttavia il tempo non sar\u00e0 sempre e ovunque soleggiato, a causa della permanenza di un blando flusso di correnti sudoccidentali in quota che determiner\u00e0 qualche disturbo a carattere locale. <\/p>\n","protected":false},"excerpt":{"rendered":"Dopo il passaggio dell&#8217;ultima perturbazione che venerd\u00ec avr\u00e0 coinvolto il Centro-Nord Italia, l&#8217;anticiclone torner\u00e0 a rinforzarsi alle latitudini&hellip;\n","protected":false},"author":3,"featured_media":644034,"comment_status":"","ping_status":"","sticky":false,"template":"","format":"standard","meta":{"footnotes":"","_share_on_mastodon":"0"},"categories":[6],"tags":[1534,3118,14,8,1537,90,89,437,419,7,15,82,9,83,10,5065,103,13,11,80,84,12,81,85],"class_list":["post-644033","post","type-post","status-publish","format-standard","has-post-thumbnail","category-ultime-notizie","tag-caldo","tag-caldo-record","tag-cronaca","tag-headlines","tag-it","tag-italia","tag-italy","tag-maltempo","tag-meteo","tag-news","tag-notizie","tag-notizie-di-cronaca","tag-notizie-principali","tag-notiziedicronaca","tag-notizieprincipali","tag-previsioni","tag-temporali","tag-titoli","tag-ultime-notizie","tag-ultime-notizie-di-cronaca","tag-ultime-notizie-e-news-di-oggi","tag-ultimenotizie","tag-ultimenotiziedicronaca","tag-ultimenotizieenewsdioggi"],"share_on_mastodon":{"url":"https:\/\/pubeurope.com\/@it\/117138307596691055","error":""},"_links":{"self":[{"href":"https:\/\/www.europesays.com\/it\/wp-json\/wp\/v2\/posts\/644033","targetHints":{"allow":["GET"]}}],"collection":[{"href":"https:\/\/www.europesays.com\/it\/wp-json\/wp\/v2\/posts"}],"about":[{"href":"https:\/\/www.europesays.com\/it\/wp-json\/wp\/v2\/types\/post"}],"author":[{"embeddable":true,"href":"https:\/\/www.europesays.com\/it\/wp-json\/wp\/v2\/users\/3"}],"replies":[{"embeddable":true,"href":"https:\/\/www.europesays.com\/it\/wp-json\/wp\/v2\/comments?post=644033"}],"version-history":[{"count":0,"href":"https:\/\/www.europesays.com\/it\/wp-json\/wp\/v2\/posts\/644033\/revisions"}],"wp:featuredmedia":[{"embeddable":true,"href":"https:\/\/www.europesays.com\/it\/wp-json\/wp\/v2\/media\/644034"}],"wp:attachment":[{"href":"https:\/\/www.europesays.com\/it\/wp-json\/wp\/v2\/media?parent=644033"}],"wp:term":[{"taxonomy":"category","embeddable":true,"href":"https:\/\/www.europesays.com\/it\/wp-json\/wp\/v2\/categories?post=644033"},{"taxonomy":"post_tag","embeddable":true,"href":"https:\/\/www.europesays.com\/it\/wp-json\/wp\/v2\/tags?post=644033"}],"curies":[{"name":"wp","href":"https:\/\/api.w.org\/{rel}","templated":true}]}}