{"id":644393,"date":"2026-08-22T14:31:14","date_gmt":"2026-08-22T14:31:14","guid":{"rendered":"https:\/\/www.europesays.com\/it\/644393\/"},"modified":"2026-08-22T14:31:14","modified_gmt":"2026-08-22T14:31:14","slug":"boom-di-ascolti-quasi-1-milione-di-spettatori-su-rai-2-e-applausi-agli-ideatori-del-mito-le-foto-foto-1-di-27","status":"publish","type":"post","link":"https:\/\/www.europesays.com\/it\/644393\/","title":{"rendered":"Boom di ascolti: quasi 1 milione di spettatori su Rai 2 e applausi agli ideatori del Mito. Le foto &#8211; Foto 1 di 27"},"content":{"rendered":"<p data-start=\"348\" data-end=\"591\" class=\"PDq2pG_selectionAnchorContainer\">TARANTO &#8211; <strong data-start=\"358\" data-end=\"433\">Quasi 1 milione di telespettatori di media e punte superiori al milione<\/strong> per la Cerimonia di Apertura dei XX Giochi del Mediterraneo, trasmessa venerd\u00ec in prima serata su Rai 2 direttamente dallo Stadio Erasmo Iacovone di Taranto.<\/p>\n<p data-start=\"593\" data-end=\"872\">Lo spettacolo inaugurale, seguito all\u2019interno dell\u2019impianto da un pubblico che ha fatto registrare il tutto esaurito, ha ottenuto in televisione una media di <strong data-start=\"751\" data-end=\"806\">973mila spettatori e uno share complessivo del 7,1%<\/strong>, risultando il programma pi\u00f9 visto su Rai 2 nell\u2019intera giornata.<\/p>\n<p data-start=\"874\" data-end=\"1104\">La cerimonia ha costruito il proprio racconto intorno alla storia e all\u2019identit\u00e0 di Taranto e del Mediterraneo, partendo da una delle figure simboliche pi\u00f9 importanti del patrimonio archeologico cittadino, <strong data-start=\"1080\" data-end=\"1103\">l\u2019Atleta di Taranto<\/strong>.<\/p>\n<p data-start=\"1106\" data-end=\"1468\">Il suo sarcofago fu rinvenuto nel 1959 durante alcuni scavi in via Cortina. I vasi trovati accanto alla sepoltura, considerati premi conquistati durante competizioni sportive, hanno consentito di riconoscere il particolare valore atletico dell\u2019uomo. Gli studi successivi hanno stabilito anche che era alto circa <strong data-start=\"1418\" data-end=\"1432\">1,70 metri<\/strong>, una statura rilevante per l\u2019epoca.<\/p>\n<p data-start=\"1470\" data-end=\"1725\">La figura dell\u2019Atleta di Taranto \u00e8 oggi custodita nella memoria archeologica della citt\u00e0 e rappresenta uno dei riferimenti del MArTA, il Museo Archeologico Nazionale di Taranto, che in occasione dei Giochi ospita anche la mostra <strong data-start=\"1699\" data-end=\"1724\">L\u2019Arte della Vittoria<\/strong>.<\/p>\n<p data-start=\"1727\" data-end=\"2227\"><strong>La direzione artistica e la regia dello spettacolo<\/strong> sono state affidate ad <strong data-start=\"1801\" data-end=\"1819\">Angelo Bonello<\/strong>, artista multidisciplinare con oltre 30 anni di attivit\u00e0 e progetti realizzati nei 5 continenti. Nel corso della sua carriera ha lavorato in citt\u00e0 come Londra, Toronto, Washington, Riyad e Singapore. Dal 2014 \u00e8 direttore artistico di programmi televisivi come Italia\u2019s Got Talent e The Voice e nel 2026 ha firmato regia e direzione artistica della Cerimonia di Chiusura delle Paralimpiadi di Milano Cortina.<\/p>\n<p data-start=\"2229\" data-end=\"2673\">Creative director dell\u2019evento \u00e8 stato <strong data-start=\"2267\" data-end=\"2297\">Francesco Paolo Conticello<\/strong>, CEO e chairman di G2 Eventi, con oltre 30 anni di esperienza nei settori del marketing, della comunicazione e della creativit\u00e0. La sua carriera \u00e8 iniziata come coordinatore del fundraising per il WWF. Oggi insegna Comunicazione e Produzione di eventi allo IED di Roma e dal 2017 ricopre in Casta Diva l\u2019incarico di responsabile della comunicazione e delle relazioni esterne.<\/p>\n<p data-start=\"2675\" data-end=\"2982\">Il filo conduttore della cerimonia \u00e8 stato racchiuso nel tema <strong data-start=\"2737\" data-end=\"2763\">Il mito diventa futuro<\/strong>, sviluppato attraverso i concetti di memoria, connessione e futuro. Al centro dello spettacolo, la trasformazione dell\u2019identit\u00e0 mediterranea, rappresentata come passaggio dalla dimensione del mito alla contemporaneit\u00e0.<\/p>\n<p data-start=\"2984\" data-end=\"3223\">Protagonista simbolico del racconto \u00e8 stato un bambino della Taranto di oggi, immagine dei giovani cittadini del Mediterraneo, accompagnato in un viaggio attraverso gli elementi che richiamano le radici storiche e culturali del territorio.<\/p>\n<p data-start=\"3225\" data-end=\"3472\">Nel percorso narrativo sono comparsi <strong data-start=\"3262\" data-end=\"3330\">l\u2019anfora, l\u2019atleta antico, la tregua sacra e il delfino di Taras<\/strong>, utilizzati per raccontare il legame tra passato e futuro e per affidare allo sport il ruolo di linguaggio capace di unire popoli differenti.<\/p>\n<p data-start=\"3474\" data-end=\"3823\">Un altro elemento centrale \u00e8 stato l\u2019acqua, indicata come matrice del Mediterraneo e come forza capace di collegare le diverse sponde, trasportare culture e intrecciare le storie dei popoli. Attraverso questo simbolo \u00e8 stata raccontata anche <strong data-start=\"3716\" data-end=\"3822\">Taranto come antico crocevia di civilt\u00e0 e citt\u00e0 chiamata oggi a rappresentare rinascita e rinnovamento<\/strong>.<\/p>\n<p data-start=\"3825\" data-end=\"4080\">Tre i principali assi narrativi scelti per la rappresentazione: il passato inteso come memoria che torna a vivere, il Mediterraneo come luogo di connessione e di pace e il futuro come possibilit\u00e0 di trasformare l\u2019eredit\u00e0 ricevuta in una nuova prospettiva.<\/p>\n<p data-start=\"4082\" data-end=\"4349\" data-is-last-node=\"\" data-is-only-node=\"\">Una costruzione scenica che ha affidato ai <strong data-start=\"4125\" data-end=\"4206\">valori dello sport, del dialogo, del rispetto e della convivenza tra i popoli<\/strong> il messaggio conclusivo della cerimonia inaugurale, portando Taranto e la sua storia davanti al pubblico dello Iacovone e a quello televisivo.<\/p>\n<p data-start=\"4082\" data-end=\"4349\" data-is-last-node=\"\" data-is-only-node=\"\"><strong>Le foto sono a firma di Massimiliano Tuveri, Raniero Corbelletti &amp; Elia Battistini<\/strong><\/p>\n","protected":false},"excerpt":{"rendered":"TARANTO &#8211; Quasi 1 milione di telespettatori di media e punte superiori al milione per la Cerimonia di&hellip;\n","protected":false},"author":3,"featured_media":644394,"comment_status":"","ping_status":"","sticky":false,"template":"","format":"standard","meta":{"footnotes":"","_share_on_mastodon":"0"},"categories":[1444],"tags":[355640,56769,203,85784,204,1537,90,89,355641,10960,253],"class_list":["post-644393","post","type-post","status-publish","format-standard","has-post-thumbnail","category-tv","tag-cerimonia-di-inaugurazione","tag-direzione-artistica","tag-entertainment","tag-giochi-del-mediterraneo","tag-intrattenimento","tag-it","tag-italia","tag-italy","tag-scenografica","tag-taranto","tag-tv"],"share_on_mastodon":{"url":"https:\/\/pubeurope.com\/@it\/117139648434741896","error":""},"_links":{"self":[{"href":"https:\/\/www.europesays.com\/it\/wp-json\/wp\/v2\/posts\/644393","targetHints":{"allow":["GET"]}}],"collection":[{"href":"https:\/\/www.europesays.com\/it\/wp-json\/wp\/v2\/posts"}],"about":[{"href":"https:\/\/www.europesays.com\/it\/wp-json\/wp\/v2\/types\/post"}],"author":[{"embeddable":true,"href":"https:\/\/www.europesays.com\/it\/wp-json\/wp\/v2\/users\/3"}],"replies":[{"embeddable":true,"href":"https:\/\/www.europesays.com\/it\/wp-json\/wp\/v2\/comments?post=644393"}],"version-history":[{"count":0,"href":"https:\/\/www.europesays.com\/it\/wp-json\/wp\/v2\/posts\/644393\/revisions"}],"wp:featuredmedia":[{"embeddable":true,"href":"https:\/\/www.europesays.com\/it\/wp-json\/wp\/v2\/media\/644394"}],"wp:attachment":[{"href":"https:\/\/www.europesays.com\/it\/wp-json\/wp\/v2\/media?parent=644393"}],"wp:term":[{"taxonomy":"category","embeddable":true,"href":"https:\/\/www.europesays.com\/it\/wp-json\/wp\/v2\/categories?post=644393"},{"taxonomy":"post_tag","embeddable":true,"href":"https:\/\/www.europesays.com\/it\/wp-json\/wp\/v2\/tags?post=644393"}],"curies":[{"name":"wp","href":"https:\/\/api.w.org\/{rel}","templated":true}]}}