{"id":644427,"date":"2026-08-22T14:59:22","date_gmt":"2026-08-22T14:59:22","guid":{"rendered":"https:\/\/www.europesays.com\/it\/644427\/"},"modified":"2026-08-22T14:59:22","modified_gmt":"2026-08-22T14:59:22","slug":"tommaso-paradiso-con-gli-amici-lo-diciamo-spesso-ci-siamo-divertiti-finche-abbiamo-potuto-ma-mettere-su-famiglia-e-nellordine-delle-cose-se-fossi-ancora-comero-a-ventanni","status":"publish","type":"post","link":"https:\/\/www.europesays.com\/it\/644427\/","title":{"rendered":"Tommaso Paradiso: \u00abCon gli amici lo diciamo spesso: ci siamo divertiti finch\u00e9 abbiamo potuto. Ma mettere su famiglia \u00e8 nell&#8217;ordine delle cose: se fossi ancora com\u2019ero a vent\u2019anni sarei ridicolo\u00bb"},"content":{"rendered":"<p>Poi Tommaso Paradiso ha parlato anche di suo padre: <strong>\u00abSe n\u2019\u00e8 andato di casa quand\u2019ero appena nato.<\/strong> Ma non ho mai avuto paura di diventare genitore senza il suo esempio: <a href=\"https:\/\/www.vanityfair.it\/article\/tommaso-paradiso-padre-sanremo-album-casa-paradiso\" target=\"_blank\" rel=\"nofollow noopener\">sono cresciuto solo con mia madre in una famiglia matriarcale<\/a>, l\u2019amore e i modelli non mi sono mai mancati. \u00c8 venuto tutto naturale, anche il matrimonio. L\u2019unico colpo di scena \u00e8 stata la canzone da mettere al momento dell\u2019uscita di noi sposi: doveva essere Born to run, all\u2019ultimo abbiamo optato per la versione orchestrale di All around the world degli Oasis\u00bb.<\/p>\n<p>Cosa dire, per\u00f2, della paternit\u00e0? <strong>\u00abSu Sanremo: avevo detto \u201cmai\u201d, sono andato soprattutto per lasciare una traccia per mia figlia.<\/strong> \u00c8 stato stressante, specie per me che ho l\u2019ansia della telecamera. Ma, ora che ho capito la lezione, tornerei. \u00c8 la mia vita: funziono sempre al secondo, al terzo tentativo\u00bb.<\/p>\n<p><img decoding=\"async\" alt=\"Tommaso Paradiso \u00abCon gli amici lo diciamo spesso ci siamo divertiti finch abbiamo potuto. Ma mettere su famiglia \u00e8...\" loading=\"lazy\" class=\"ResponsiveImageContainer-dkeESL cQPiWi responsive-image__image\"   src=\"https:\/\/www.europesays.com\/it\/wp-content\/uploads\/2026\/05\/GettyImages-2272632873.jpg\"\/><\/p>\n<p>Sergione Infuso &#8211; Corbis\/Getty Images<\/p>\n<p>Poi un pensiero sull&#8217;ansia con la quale Tommaso Paradiso ha sempre fatto i conti: <strong>\u00abHo imparato a gestirla, specie in situazioni domestiche, dove a volte mi paralizzava.<\/strong> Sul palco \u00e8 diverso: me la mettevano i locali vuoti, all\u2019inizio, e i palasport pieni, dopo il successo. Al primo Forum di Assago, nel 2017, volevo scappare. Ma dopo Sanremo sono pronto a tutto: non vorrei pi\u00f9 scendere\u00bb.<\/p>\n<p>Infine, <a href=\"https:\/\/www.vanityfair.it\/article\/tommaso-paradiso-padre-sanremo-album-casa-paradiso\" target=\"_blank\" rel=\"nofollow noopener\">un ultimo appunto sul passato con i TheGiornalisti<\/a>: <strong>\u00abLe canzoni erano mie, ai live le canto ancora e sul palco con me c\u2019\u00e8 Marco Rissa, il chitarrista del gruppo.<\/strong> Marco Primavera, il batterista che non \u00e8 pi\u00f9 con noi, cambierebbe davvero qualcosa? Mi sembra solo nostalgia. Poi Agitare coca cola pu\u00f2 essere benissimo un pezzo dei primi TheGiornalisti, anche pi\u00f9 di Riccione, che resta lo spartiacque. Dovevo darlo a Luca Carboni, poi mi piacque troppo. Mi sembrava, e ne sono convinto, un brano nazionalpopolare fatto bene. Sono di quella scuola: i film di Sordi, Sapore di sale, la stessa Mare mare\u00bb.<\/p>\n","protected":false},"excerpt":{"rendered":"Poi Tommaso Paradiso ha parlato anche di suo padre: \u00abSe n\u2019\u00e8 andato di casa quand\u2019ero appena nato. Ma&hellip;\n","protected":false},"author":3,"featured_media":644428,"comment_status":"","ping_status":"","sticky":false,"template":"","format":"standard","meta":{"footnotes":"","_share_on_mastodon":"0"},"categories":[1443],"tags":[203,2799,204,1537,90,89,1538,1539,74348],"class_list":["post-644427","post","type-post","status-publish","format-standard","has-post-thumbnail","category-musica","tag-entertainment","tag-gossip","tag-intrattenimento","tag-it","tag-italia","tag-italy","tag-music","tag-musica","tag-tommaso-paradiso"],"share_on_mastodon":{"url":"https:\/\/pubeurope.com\/@it\/117139759453732005","error":""},"_links":{"self":[{"href":"https:\/\/www.europesays.com\/it\/wp-json\/wp\/v2\/posts\/644427","targetHints":{"allow":["GET"]}}],"collection":[{"href":"https:\/\/www.europesays.com\/it\/wp-json\/wp\/v2\/posts"}],"about":[{"href":"https:\/\/www.europesays.com\/it\/wp-json\/wp\/v2\/types\/post"}],"author":[{"embeddable":true,"href":"https:\/\/www.europesays.com\/it\/wp-json\/wp\/v2\/users\/3"}],"replies":[{"embeddable":true,"href":"https:\/\/www.europesays.com\/it\/wp-json\/wp\/v2\/comments?post=644427"}],"version-history":[{"count":0,"href":"https:\/\/www.europesays.com\/it\/wp-json\/wp\/v2\/posts\/644427\/revisions"}],"wp:featuredmedia":[{"embeddable":true,"href":"https:\/\/www.europesays.com\/it\/wp-json\/wp\/v2\/media\/644428"}],"wp:attachment":[{"href":"https:\/\/www.europesays.com\/it\/wp-json\/wp\/v2\/media?parent=644427"}],"wp:term":[{"taxonomy":"category","embeddable":true,"href":"https:\/\/www.europesays.com\/it\/wp-json\/wp\/v2\/categories?post=644427"},{"taxonomy":"post_tag","embeddable":true,"href":"https:\/\/www.europesays.com\/it\/wp-json\/wp\/v2\/tags?post=644427"}],"curies":[{"name":"wp","href":"https:\/\/api.w.org\/{rel}","templated":true}]}}