{"id":644582,"date":"2026-08-22T17:16:14","date_gmt":"2026-08-22T17:16:14","guid":{"rendered":"https:\/\/www.europesays.com\/it\/644582\/"},"modified":"2026-08-22T17:16:14","modified_gmt":"2026-08-22T17:16:14","slug":"marotta-lautaro-al-barcellona-non-rinunceremo-a-lui-per-nessuna-cifra","status":"publish","type":"post","link":"https:\/\/www.europesays.com\/it\/644582\/","title":{"rendered":"Marotta: &#8220;Lautaro al Barcellona? Non rinunceremo a lui per nessuna cifra&#8221;"},"content":{"rendered":"<p>                                Il presidente nerazzurro: &#8220;Non ci sono assolutamente le condizioni perch\u00e9 possa lasciare l&#8217;Inter&#8221;<\/p>\n<p class=\"paragraph\" spellcheck=\"true\">&#8220;Lautaro al Barcellona? Non se ne deve neanche parlare&#8221;. Il presidente dell&#8217;Inter Giuseppe Marotta chiude cos\u00ec la porta a qualsiasi voce legata all&#8217;ipotesi di addio del capitano nerazzurro, dopo le indiscrezioni degli ultimi giorni sull&#8217;interesse del Barcellona. &#8220;Lautaro \u00e8 il nostro capitano, rappresenta la storia attuale dell&#8217;Inter. E quindi io posso esplicitare che non ci sono assolutamente le condizioni perch\u00e9 possa lasciare l&#8217;Inter, non vogliamo rinunciare a Lautaro in alcun modo e per nessuna cifra. Non se ne deve neanche parlare&#8221;, ha spiegato Marotta a Dazn prima della sfida con il Monza.\u00a0<\/p>\n<p class=\"paragraph\" spellcheck=\"true\">Il presidente nerazzurro ha anche toccato temi di mercato, come il possibile innesto in zona offensiva negli ultimi giorni di trattative:\u00a0&#8220;Siamo attenti a eventuali opportunit\u00e0 in questa fase finale di mercato, tutto questo coordinato con un confronto con l&#8217;allenatore. Anche grazie alla disponibilit\u00e0 della nostra propriet\u00e0, con loro abbiamo fatto altri investimenti. E se ci sar\u00e0 necessit\u00e0, investiremo nuovamente. Ma solo per profili importanti, anche se la rosa \u00e8 gi\u00e0 competitiva&#8221;. E sugli affari gi\u00e0 conclusi: &#8220;Perch\u00e9 tre inglesi? Abbiamo costruito questa squadra alcuni anni fa, con l&#8217;obiettivo di farla durare nel tempo e per questo non abbiamo mai cambiato tanto. Quest&#8217;anno ci siamo dovuti confrontare con l&#8217;anagrafe di alcuni, abbiamo preso giocatori che hanno vinto circa 30 titoli. E questo \u00e8 molto importante per lo spogliatoio, per la cultura della vittoria e per le motivazioni&#8221;. Infine sugli obiettivi stagionali: &#8220;Sicuramente bisogna alzare l&#8217;asticella, siamo i campioni in carica, gli avversari avranno ancora pi\u00f9 determinazione. Noi abbiamo le stesse motivazioni e gli stessi obiettivi. E rafforzando la cultura della vittoria che ci ha sempre contraddistinto in questi anni&#8221;, ha concluso Marotta.\u00a0<\/p>\n","protected":false},"excerpt":{"rendered":"Il presidente nerazzurro: &#8220;Non ci sono assolutamente le condizioni perch\u00e9 possa lasciare l&#8217;Inter&#8221; &#8220;Lautaro al Barcellona? Non se&hellip;\n","protected":false},"author":3,"featured_media":644583,"comment_status":"","ping_status":"","sticky":false,"template":"","format":"standard","meta":{"footnotes":"","_share_on_mastodon":"0"},"categories":[176],"tags":[11965,355743,350,1537,90,89,5826,5266,14344,355742,5775,245,244],"class_list":["post-644582","post","type-post","status-publish","format-standard","has-post-thumbnail","category-sport","tag-assolutamente","tag-assolutamente-condizioni","tag-inter","tag-it","tag-italia","tag-italy","tag-lautaro","tag-marotta","tag-neanche","tag-neanche-parlare","tag-parlare","tag-sport","tag-sports"],"share_on_mastodon":{"url":"https:\/\/pubeurope.com\/@it\/117140297384370419","error":""},"_links":{"self":[{"href":"https:\/\/www.europesays.com\/it\/wp-json\/wp\/v2\/posts\/644582","targetHints":{"allow":["GET"]}}],"collection":[{"href":"https:\/\/www.europesays.com\/it\/wp-json\/wp\/v2\/posts"}],"about":[{"href":"https:\/\/www.europesays.com\/it\/wp-json\/wp\/v2\/types\/post"}],"author":[{"embeddable":true,"href":"https:\/\/www.europesays.com\/it\/wp-json\/wp\/v2\/users\/3"}],"replies":[{"embeddable":true,"href":"https:\/\/www.europesays.com\/it\/wp-json\/wp\/v2\/comments?post=644582"}],"version-history":[{"count":0,"href":"https:\/\/www.europesays.com\/it\/wp-json\/wp\/v2\/posts\/644582\/revisions"}],"wp:featuredmedia":[{"embeddable":true,"href":"https:\/\/www.europesays.com\/it\/wp-json\/wp\/v2\/media\/644583"}],"wp:attachment":[{"href":"https:\/\/www.europesays.com\/it\/wp-json\/wp\/v2\/media?parent=644582"}],"wp:term":[{"taxonomy":"category","embeddable":true,"href":"https:\/\/www.europesays.com\/it\/wp-json\/wp\/v2\/categories?post=644582"},{"taxonomy":"post_tag","embeddable":true,"href":"https:\/\/www.europesays.com\/it\/wp-json\/wp\/v2\/tags?post=644582"}],"curies":[{"name":"wp","href":"https:\/\/api.w.org\/{rel}","templated":true}]}}