{"id":644840,"date":"2026-08-22T21:22:14","date_gmt":"2026-08-22T21:22:14","guid":{"rendered":"https:\/\/www.europesays.com\/it\/644840\/"},"modified":"2026-08-22T21:22:14","modified_gmt":"2026-08-22T21:22:14","slug":"chi-e-virginia-ronzoni-la-presunta-fidanzata-di-olly","status":"publish","type":"post","link":"https:\/\/www.europesays.com\/it\/644840\/","title":{"rendered":"Chi \u00e8 Virginia Ronzoni, la presunta fidanzata di Olly"},"content":{"rendered":"<p><strong>Olly<\/strong> \u00e8 fidanzato? Il cantante, da sempre gelosissimo della sua privacy e molto riservato, sarebbe stato avvistato pi\u00f9 volte <strong>in compagnia di Virginia Ronzoni.<\/strong> I due sarebbero apparsi molto vicini, tanto da lasciare ipotizzare l\u2019esistenza di una relazione.<\/p>\n<p>Chi \u00e8 Virginia Ronzoni<\/p>\n<p>Riservata e bellissima, Virginia Ronzoni \u00e8 una modella ed \u00e8 <strong>la direttrice creativa di Tosca Blu<\/strong>, brand italiano creato nel 1998 dalla sua famiglia. Classe 1997, su Instagram conta oltre <strong>12mila follower<\/strong> fra foto che raccontano il suo lavoro e scatti creativi.<\/p>\n<blockquote class=\"instagram-media\" data-instgrm-captioned=\"\" data-instgrm-permalink=\"https:\/\/www.instagram.com\/p\/Db-2LbZiOQX\/?utm_source=ig_embed&amp;utm_campaign=loading\" data-instgrm-version=\"14\" style=\" background:#FFF; border:0; border-radius:3px; box-shadow:0 0 1px 0 rgba(0,0,0,0.5),0 1px 10px 0 rgba(0,0,0,0.15); margin: 1px; max-width:100%; min-width:326px; padding:0; width:99.375%; width:-webkit-calc(100% - 2px); width:calc(100% - 2px);\"\/>\n<p>Virginia ha una passione per la fotografia, materia studiata a Londra per un periodo, prima del ritorno in Italia. Di lei si sa poco e niente, tutto ci\u00f2 che emerge arriva dal suo profilo Instagram, fra cui l\u2019ipotesi che sia mamma. Qualche tempo fa infatti in occasione della festa della mamma, la modella aveva scritto in un post: \u201cAlla gioia pi\u00f9 vera, all\u2019amore pi\u00f9 profondo. A tutte le mamme, alla mia, a me!\u201d.<\/p>\n<p>Virginia Ronzoni \u00e8 la nuova fidanzata di Olly?<\/p>\n<p>Virginia Ronzoni e <a href=\"https:\/\/dilei.it\/star-e-vip\/olly\/\" rel=\"nofollow noopener\" target=\"_blank\">Olly<\/a> sarebbero stati avvistati pi\u00f9 volte insieme. Il cantante e la modella avrebbero trascorso una vacanza insieme in montagna, sarebbero poi stati visti, sempre insieme, a Genova, citt\u00e0 natale dell\u2019artista di Balorda Nostalgia, e avrebbero trascorso una serata in un noto locale milanese il 14 agosto.<\/p>\n<p><a href=\"https:\/\/dilei.it\/vip\/deianira-marzano\/573560\/\" rel=\"nofollow noopener\" target=\"_blank\">Deianira Marzano<\/a>, esperta di gossip, ha raccolto diverse segnalazioni al riguardo che lasciano ipotizzare l\u2019esistenza di una relazione fra Virginia Ronzoni e Olly. Il cantante non ha mai parlato apertamente della sua vita sentimentale, cercando di proteggere sempre dai gossip e dalla curiosit\u00e0 la sua vita sentimentale.<\/p>\n<p>I due attualmente non si seguono reciprocamente sui social. Virginia segue Olly su Instagram, ma il follow non sarebbe ancora stato ricambiato. Molti ipotizzano che si tratti di una mossa del cantante per non destare sospetti e per vivere in segreto questo nuovo amore, senza interferenze esterne.<\/p>\n<p>Vero nome Federico Olivieri, Olly non si \u00e8 mai sbottonato riguardo le sue relazioni passate, ma questo non ha impedito ai fan e curiosi di accostarlo a ragazze famose. Qualche tempo fa si era parlato di una relazione dell\u2019artista genovese con <a href=\"https:\/\/dilei.it\/vip\/benedetta-quagli-fidanzata-federico-chiesa-moda-viaggi\/1031168\/\" rel=\"nofollow noopener\" target=\"_blank\">Benedetta Quagli,<\/a> imprenditrice e influencer con cui era stato visto al cinema.<\/p>\n<p>Una storia d\u2019amore mai confermata. Proprio come quella con<a href=\"https:\/\/dilei.it\/star-e-vip\/belen-rodriguez\/\" rel=\"nofollow noopener\" target=\"_blank\"> Belen Rodriguez<\/a> con cui, secondo alcune indiscrezioni, ci sarebbe stata una frequentazione.<\/p>\n<p>Qualche tempo fa Olly aveva confessato di <strong>aver sofferto per amore<\/strong> a causa di una ragazza di cui si era perdutamente innamorato. \u201cSono molto insicuro, ma conosco la mia insicurezza a livello tale da parlarne con sicurezza \u2013 aveva confidato -. Soffrire per amore l\u2019ho fatto, poi ho cercato di chiudere la barriera e vivere in modo pi\u00f9 superficiale, per poi incappare di nuovo in qualcosa che \u00e8 arrivato e scontrarmi con quella realt\u00e0 che mi ha permesso di vivere tante cose belle, ma anche difficili e dolorose, in un momento in cui c\u2019era spazio per farlo e che mi ha aiutato a capire\u201d.<\/p>\n<p>Anche in quell\u2019occasione, ovviamente, Olly aveva deciso di non fornire dettagli su questa relazione cos\u00ec importante.<\/p>\n<p>\t\t\t\tScopri i personaggi in trend, le storie del momento e molto altro.<br \/>Dove? Sul <a href=\"https:\/\/whatsapp.com\/channel\/0029Vb68mVyHVvTWezDm7d0R\" target=\"_blank\" rel=\"noopener nofollow\">canale WhatsApp di DiLei!<\/a><\/p>\n<p>\t\t\t<a class=\"buttonCall\" href=\"https:\/\/whatsapp.com\/channel\/0029Vb68mVyHVvTWezDm7d0R\" target=\"_blank\" rel=\"noopener nofollow\" title=\"Seguici su WhatsApp\"><br \/>\n\t\t\t\tSeguici su WhatsApp<br \/>\n\t\t\t<\/a><\/p>\n<p>\t<script async src=\"\/\/www.instagram.com\/embed.js\"><\/script><\/p>\n","protected":false},"excerpt":{"rendered":"Olly \u00e8 fidanzato? Il cantante, da sempre gelosissimo della sua privacy e molto riservato, sarebbe stato avvistato pi\u00f9&hellip;\n","protected":false},"author":3,"featured_media":644841,"comment_status":"","ping_status":"","sticky":false,"template":"","format":"standard","meta":{"footnotes":"","_share_on_mastodon":"0"},"categories":[174],"tags":[203,204,1537,90,89,28151],"class_list":["post-644840","post","type-post","status-publish","format-standard","has-post-thumbnail","category-intrattenimento","tag-entertainment","tag-intrattenimento","tag-it","tag-italia","tag-italy","tag-olly"],"share_on_mastodon":{"url":"","error":""},"_links":{"self":[{"href":"https:\/\/www.europesays.com\/it\/wp-json\/wp\/v2\/posts\/644840","targetHints":{"allow":["GET"]}}],"collection":[{"href":"https:\/\/www.europesays.com\/it\/wp-json\/wp\/v2\/posts"}],"about":[{"href":"https:\/\/www.europesays.com\/it\/wp-json\/wp\/v2\/types\/post"}],"author":[{"embeddable":true,"href":"https:\/\/www.europesays.com\/it\/wp-json\/wp\/v2\/users\/3"}],"replies":[{"embeddable":true,"href":"https:\/\/www.europesays.com\/it\/wp-json\/wp\/v2\/comments?post=644840"}],"version-history":[{"count":0,"href":"https:\/\/www.europesays.com\/it\/wp-json\/wp\/v2\/posts\/644840\/revisions"}],"wp:featuredmedia":[{"embeddable":true,"href":"https:\/\/www.europesays.com\/it\/wp-json\/wp\/v2\/media\/644841"}],"wp:attachment":[{"href":"https:\/\/www.europesays.com\/it\/wp-json\/wp\/v2\/media?parent=644840"}],"wp:term":[{"taxonomy":"category","embeddable":true,"href":"https:\/\/www.europesays.com\/it\/wp-json\/wp\/v2\/categories?post=644840"},{"taxonomy":"post_tag","embeddable":true,"href":"https:\/\/www.europesays.com\/it\/wp-json\/wp\/v2\/tags?post=644840"}],"curies":[{"name":"wp","href":"https:\/\/api.w.org\/{rel}","templated":true}]}}