{"id":645065,"date":"2026-08-23T01:40:23","date_gmt":"2026-08-23T01:40:23","guid":{"rendered":"https:\/\/www.europesays.com\/it\/645065\/"},"modified":"2026-08-23T01:40:23","modified_gmt":"2026-08-23T01:40:23","slug":"due-giornate-per-i-giovani-con-zaza","status":"publish","type":"post","link":"https:\/\/www.europesays.com\/it\/645065\/","title":{"rendered":"Due giornate per i giovani. Con Zaz\u00e0"},"content":{"rendered":"<p><strong>Stefano Zanini<\/strong> da due anni \u00e8 il <strong>presidente<\/strong> della <strong>societ\u00e0 ciclistica Severino Canavesi di Gorla Maggiore<\/strong>, un team storico per il ciclismo del Varesotto. Da quando l\u2019ex professionista e attuale direttore sportivo del team <strong>XDS Astana<\/strong> ricopre questo ruolo di dirigente locale ha intensificato il suo impegno verso i <strong>giovani<\/strong>.<\/p>\n<p>\u00abMi piacerebbe creare una sorta di <strong>scuola di ciclismo per i pi\u00f9 giovani<\/strong>\u00bb, afferma Zanini. \u00abPer ora non mi \u00e8 possibile, perch\u00e9 il mio attuale lavoro non mi lascia il tempo necessario per seguire un progetto cos\u00ec importante, per\u00f2 anche quest\u2019anno riuscir\u00f2 a proporre una <strong>due giorni ciclistica a Gorla Maggiore<\/strong> per tutte le categorie giovanili e una <strong>mattinata<\/strong> nella quale ci saranno alcuni ex professionisti a pedalare con i cicloturisti\u00bb.<\/p>\n<p>Due giornate con il ciclismo protagonista: <strong>sabato 19 e domenica 20 settembre<\/strong>, nel segno di <strong>Zaz\u00e0<\/strong> che ammirer\u00e0 le pedalate di <strong>Giovanissimi, Esordienti, Allievi e Juniores<\/strong>, e parteciper\u00e0 alla classica cicloturistica <strong>\u201cPedala con Zaz\u00e0\u201d<\/strong> con <strong>Giuseppe Saronni, Silvano Contini, Luigi Botteon<\/strong> e tanti altri. Il programma prevede <strong>sabato 19 settembre<\/strong> alle 9 in gara la categoria <strong>Allievi<\/strong> nel <strong>quarto Trofeo Zaz\u00e0 \u2013 Stefano Zanini<\/strong>, prova conclusiva del Giro della Provincia di Varese della medesima categoria, a seguire gli <strong>Esordienti<\/strong> in gara unica nel <strong>secondo Memorial Massimo Guardascione<\/strong> con il via alle 11.30. Nel pomeriggio andranno in scena gli <strong>Juniores<\/strong>, alle 15.30, per contendersi il <strong>quarto Trofeo Loral \u2013 Memorial Piernatale Solemi<\/strong>. <strong>Domenica 20 settembre<\/strong> in mattinata spazio alla <strong>\u201cPedala con Zaz\u00e0\u201d<\/strong>, con la partenza alle 9.30, e gran finale nel pomeriggio con la manifestazione riservata ai <strong>Giovanissimi &#8211; Trofeo Zaz\u00e0 Stefano Zanini<\/strong> con la prima delle sei partenze alle 14.30.<\/p>\n","protected":false},"excerpt":{"rendered":"Stefano Zanini da due anni \u00e8 il presidente della societ\u00e0 ciclistica Severino Canavesi di Gorla Maggiore, un team&hellip;\n","protected":false},"author":3,"featured_media":645066,"comment_status":"","ping_status":"","sticky":false,"template":"","format":"standard","meta":{"footnotes":"","_share_on_mastodon":"0"},"categories":[1456],"tags":[1824,1825,90204,354965,1537,90,89,356008,356009,356010,356006,356007,245,244,45386,99138,183934],"class_list":["post-645065","post","type-post","status-publish","format-standard","has-post-thumbnail","category-ciclismo","tag-ciclismo","tag-cycling","tag-giuseppe-saronni","tag-gorla-maggiore","tag-it","tag-italia","tag-italy","tag-luigi-botteon","tag-massimo-guardascione","tag-piernatale-solemi","tag-severino-canavesi","tag-silvano-contini","tag-sport","tag-sports","tag-stefano-zanini","tag-xds-astana","tag-zaza"],"share_on_mastodon":{"url":"https:\/\/pubeurope.com\/@it\/117142279088765583","error":""},"_links":{"self":[{"href":"https:\/\/www.europesays.com\/it\/wp-json\/wp\/v2\/posts\/645065","targetHints":{"allow":["GET"]}}],"collection":[{"href":"https:\/\/www.europesays.com\/it\/wp-json\/wp\/v2\/posts"}],"about":[{"href":"https:\/\/www.europesays.com\/it\/wp-json\/wp\/v2\/types\/post"}],"author":[{"embeddable":true,"href":"https:\/\/www.europesays.com\/it\/wp-json\/wp\/v2\/users\/3"}],"replies":[{"embeddable":true,"href":"https:\/\/www.europesays.com\/it\/wp-json\/wp\/v2\/comments?post=645065"}],"version-history":[{"count":0,"href":"https:\/\/www.europesays.com\/it\/wp-json\/wp\/v2\/posts\/645065\/revisions"}],"wp:featuredmedia":[{"embeddable":true,"href":"https:\/\/www.europesays.com\/it\/wp-json\/wp\/v2\/media\/645066"}],"wp:attachment":[{"href":"https:\/\/www.europesays.com\/it\/wp-json\/wp\/v2\/media?parent=645065"}],"wp:term":[{"taxonomy":"category","embeddable":true,"href":"https:\/\/www.europesays.com\/it\/wp-json\/wp\/v2\/categories?post=645065"},{"taxonomy":"post_tag","embeddable":true,"href":"https:\/\/www.europesays.com\/it\/wp-json\/wp\/v2\/tags?post=645065"}],"curies":[{"name":"wp","href":"https:\/\/api.w.org\/{rel}","templated":true}]}}