{"id":645226,"date":"2026-08-23T05:33:20","date_gmt":"2026-08-23T05:33:20","guid":{"rendered":"https:\/\/www.europesays.com\/it\/645226\/"},"modified":"2026-08-23T05:33:20","modified_gmt":"2026-08-23T05:33:20","slug":"maria-chiara-giannetta-la-maternita-per-anni-ho-ascoltato-piu-quello-che-ci-si-aspettava-da-me-che-quello-che-sentivo-oggi-preferisco-ascoltare-me-stessa","status":"publish","type":"post","link":"https:\/\/www.europesays.com\/it\/645226\/","title":{"rendered":"Maria Chiara Giannetta: \u00abLa maternit\u00e0? Per anni ho ascoltato pi\u00f9 quello che ci si aspettava da me che quello che sentivo. Oggi preferisco ascoltare me stessa\u00bb"},"content":{"rendered":"<p>\u00abHo una nipotina di un anno e stare con lei mi ha riacceso la speranza di vivere il presente pensando anche al futuro degli altri. Ma <strong>ho capito anche che non \u00e8 necessario che un bambino sia tuo per provare responsabilit\u00e0 e amore\u00bb<\/strong>, ha spiegato Maria Chiara Giannetta, <a href=\"https:\/\/www.vanityfair.it\/article\/maria-chiara-giannetta-intervista-rosa-elettrica-amore-matrimonio-blanca-gossip\" target=\"_blank\" rel=\"nofollow noopener\">maggiore di quattro figli<\/a>: \u00e8 stato questo a influenzare il suo modo di immaginare il futuro?<\/p>\n<p>\u00abLucidamente direi di no, ma inconsciamente credo di s\u00ec. <strong>Pi\u00f9 che un vero desiderio, era l\u2019aspettativa che la vita funzionasse cos\u00ec: famiglia, figli. Poi ne ho parlato con i miei e loro mi hanno risposto: \u201cMa chi te l\u2019ha chiesto? Devi fare quello che vuoi\u201d.<\/strong> A volte, costruiamo da soli delle aspettative pensando che arrivino dall\u2019esterno. E, prima, quando dicevo che i figli potevano aspettare o che non sapevo se li volevo, mi sentivo giudicata, ora il giudizio non lo percepisco pi\u00f9: se c\u2019\u00e8, non lo sento, non mi interessa. \u00c8 un salto che sento in tante mie coetanee. Non \u00e8 mai successo che un\u2019amica con figli si permettesse di dire: non sai che ti perdi. <strong>C\u2019\u00e8 molto rispetto per le scelte altrui<\/strong>. \u201cRispetto\u201d \u00e8 una parola che ci appartiene molto: siamo una generazione maledetta che sta nel mezzo di una rottura e non ha ancora tutti gli strumenti per abbattere gli schemi\u00bb.<\/p>\n<p><img decoding=\"async\" alt=\"Maria Chiara Giannetta\" loading=\"lazy\" class=\"ResponsiveImageContainer-dkeESL cQPiWi responsive-image__image\"   src=\"https:\/\/www.europesays.com\/it\/wp-content\/uploads\/2026\/08\/GettyImages-2222460874.jpg\"\/><\/p>\n<p>Daniele Venturelli\/Getty Images<\/p>\n<p>Le urgenze, oggi, per Maria Chiara Giannetta sono altre: <strong>\u00abMi interrogo soprattutto sul modo in cui viviamo: l\u2019iperproduttivit\u00e0, la necessit\u00e0 di essere sempre in performance,<\/strong> l\u2019iperinformazione e questa falsa sensazione di essere liberi di poter fare tutto. In realt\u00e0, quando non ci sono pi\u00f9 limiti, ci si perde nei meandri delle possibilit\u00e0 e non ci fermiamo mai. Ma se non ti fermi, non contempli e non riesci neppure a farti delle domande. Invece io cerco di fermarmi, leggo tanta psicologia e filosofia. E provo a spegnere le informazioni e questo cavolo di cellulare\u00bb.<\/p>\n<p>Infatti, ha aggiunto: <strong>\u00abAvevo<\/strong> <strong>sviluppato un rapporto tossico con Instagram:<\/strong> <a href=\"https:\/\/www.vanityfair.it\/article\/maria-chiara-giannetta-intervista-rosa-elettrica-amore-matrimonio-blanca-gossip\" target=\"_blank\" rel=\"nofollow noopener\">appena mi annoiavo lo aprivo e subito mi accorgevo che era passata un\u2019ora e mezza<\/a>. Da bambine, ci annoiavamo moltissimo e proprio per questo inventavamo e creavamo. Per interrompere il meccanismo, ho cancellato il profilo\u00bb.<\/p>\n","protected":false},"excerpt":{"rendered":"\u00abHo una nipotina di un anno e stare con lei mi ha riacceso la speranza di vivere il&hellip;\n","protected":false},"author":3,"featured_media":645227,"comment_status":"","ping_status":"","sticky":false,"template":"","format":"standard","meta":{"footnotes":"","_share_on_mastodon":"0"},"categories":[174],"tags":[203,2799,204,1537,90,89],"class_list":["post-645226","post","type-post","status-publish","format-standard","has-post-thumbnail","category-intrattenimento","tag-entertainment","tag-gossip","tag-intrattenimento","tag-it","tag-italia","tag-italy"],"share_on_mastodon":{"url":"https:\/\/pubeurope.com\/@it\/117143195988815674","error":""},"_links":{"self":[{"href":"https:\/\/www.europesays.com\/it\/wp-json\/wp\/v2\/posts\/645226","targetHints":{"allow":["GET"]}}],"collection":[{"href":"https:\/\/www.europesays.com\/it\/wp-json\/wp\/v2\/posts"}],"about":[{"href":"https:\/\/www.europesays.com\/it\/wp-json\/wp\/v2\/types\/post"}],"author":[{"embeddable":true,"href":"https:\/\/www.europesays.com\/it\/wp-json\/wp\/v2\/users\/3"}],"replies":[{"embeddable":true,"href":"https:\/\/www.europesays.com\/it\/wp-json\/wp\/v2\/comments?post=645226"}],"version-history":[{"count":0,"href":"https:\/\/www.europesays.com\/it\/wp-json\/wp\/v2\/posts\/645226\/revisions"}],"wp:featuredmedia":[{"embeddable":true,"href":"https:\/\/www.europesays.com\/it\/wp-json\/wp\/v2\/media\/645227"}],"wp:attachment":[{"href":"https:\/\/www.europesays.com\/it\/wp-json\/wp\/v2\/media?parent=645226"}],"wp:term":[{"taxonomy":"category","embeddable":true,"href":"https:\/\/www.europesays.com\/it\/wp-json\/wp\/v2\/categories?post=645226"},{"taxonomy":"post_tag","embeddable":true,"href":"https:\/\/www.europesays.com\/it\/wp-json\/wp\/v2\/tags?post=645226"}],"curies":[{"name":"wp","href":"https:\/\/api.w.org\/{rel}","templated":true}]}}