{"id":645542,"date":"2026-08-23T10:51:16","date_gmt":"2026-08-23T10:51:16","guid":{"rendered":"https:\/\/www.europesays.com\/it\/645542\/"},"modified":"2026-08-23T10:51:16","modified_gmt":"2026-08-23T10:51:16","slug":"elliot-page-le-nuove-dichiarazioni-dellattore-transgender","status":"publish","type":"post","link":"https:\/\/www.europesays.com\/it\/645542\/","title":{"rendered":"Elliot Page: le nuove dichiarazioni dell&#8217;attore transgender"},"content":{"rendered":"<p data-journey-content=\"true\" data-node-id=\"3\" class=\"css-1ood0zq emevuu60\">Elliot Page \u00e8 diventato una delle voci pi\u00f9 autorevoli e riflessive sul tema dell&#8217;identit\u00e0 di genere nel cinema contemporaneo, parallelamente a una carriera caratterizzata da scelte poco convenzionali. Dopo essersi fatto conoscere con film come Juno (2007), che gli \u00e8 valso una candidatura all&#8217;Oscar, l&#8217;attore ha alternato il cinema indipendente a produzioni pi\u00f9 commerciali, come la serie Netflix The Umbrella Academy, <strong data-node-id=\"3.5\">costruendo una filmografia popolata da personaggi in conflitto con il mondo che li circonda<\/strong>.<\/p>\n<p><img draggable=\"true\" alt=\"elliot page\" title=\"elliot page\" loading=\"lazy\" width=\"1429\" height=\"2000\" decoding=\"async\" data-nimg=\"1\" style=\"color:transparent;width:100%;height:auto;\"   src=\"https:\/\/www.europesays.com\/it\/wp-content\/uploads\/2026\/08\/b76f54fa-fb52-4682-ac89-23e88a1c9b0a.jpg\" class=\"css-0 e1ddfba50\"\/><\/p>\n<p>Getty Images<\/p>\n<p data-journey-content=\"true\" data-node-id=\"10\" class=\"css-1ood0zq emevuu60\">Nel 2020 ha annunciato pubblicamente di essere un uomo transgender, con un gesto che ha avuto un&#8217;enorme risonanza mediatica e che ha ridefinito il suo rapporto con l&#8217;industria cinematografica. <a href=\"https:\/\/www.marieclaire.it\/lifestyle\/coolmix\/a44867064\/scrittura-creativa\/\" target=\"_blank\" data-vars-ga-outbound-link=\"https:\/\/www.marieclaire.it\/lifestyle\/coolmix\/a44867064\/scrittura-creativa\/\" data-vars-ga-ux-element=\"Hyperlink\" data-vars-ga-call-to-action=\"Da allora, Page ha legato in modo ancora pi\u00f9 esplicito il proprio lavoro creativo all&#039;attivismo\" data-node-id=\"10.1\" class=\"body-link css-17yqdwx emevuu60\" rel=\"nofollow noopener\">Da allora, Page ha legato in modo ancora pi\u00f9 esplicito il proprio lavoro creativo all&#8217;attivismo<\/a>, prendendo parte a progetti che affrontano i temi della diversit\u00e0 sessuale e di genere con un approccio divulgativo, come il documentario Second Nature, di cui \u00e8 narratore e coproduttore.<\/p>\n<p><img draggable=\"true\" alt=\"elliot page\" title=\"elliot page umbrella academy\" loading=\"lazy\" width=\"3600\" height=\"2400\" decoding=\"async\" data-nimg=\"1\" style=\"color:transparent;width:100%;height:auto;\"   src=\"https:\/\/www.europesays.com\/it\/wp-content\/uploads\/2026\/08\/5a084d26-097f-49fd-805e-372ddb9ed96a.jpg\" class=\"css-0 e1ddfba50\"\/><\/p>\n<p>Netflix<\/p>\n<p data-journey-content=\"true\" data-node-id=\"15\" class=\"css-1ood0zq emevuu60\">L&#8217;attore trentanovenne ha rilasciato un&#8217;intervista alla rivista People per promuovere questo nuovo documentario, diretto dal regista Drew Denny, che esplora la presenza di relazioni tra individui dello stesso sesso e la fluidit\u00e0 di genere nel mondo animale, aspetti spesso trascurati nell&#8217;insegnamento tradizionale della biologia. <strong data-node-id=\"15.1\">\u00abPer me era importante che esistesse una ricerca approfondita e rigorosa che dimostrasse la fondatezza di queste informazioni e mettesse in luce tutto ci\u00f2 che \u00e8 stato omesso o che non ci \u00e8 mai stato insegnato\u00bb<\/strong>, ha spiegato Page, raccontando cosa lo abbia spinto a partecipare al progetto. \u00abCredo che, quando cresci come un bambino queer, ti senti solo ed escluso \u2014 anche se in realt\u00e0 non lo sei \u2014 e finisci per pensare che ci sia qualcosa di sbagliato in te\u00bb, ha aggiunto.<\/p>\n<p><img draggable=\"true\" alt=\"elliot page\" title=\"elliot page\" loading=\"lazy\" width=\"1333\" height=\"2000\" decoding=\"async\" data-nimg=\"1\" style=\"color:transparent;width:100%;height:auto;\"   src=\"https:\/\/www.europesays.com\/it\/wp-content\/uploads\/2026\/08\/443674de-77a0-4211-91c0-f4889d2546ad.jpg\" class=\"css-0 e1ddfba50\"\/><\/p>\n<p>Getty Images<\/p>\n<p data-journey-content=\"true\" data-node-id=\"21\" class=\"css-1ood0zq emevuu60\">\u00ab<a href=\"https:\/\/www.marieclaire.it\/attualita\/gossip\/a39835988\/storia-betty-boop\/\" target=\"_blank\" data-vars-ga-outbound-link=\"https:\/\/www.marieclaire.it\/attualita\/gossip\/a39835988\/storia-betty-boop\/\" data-vars-ga-ux-element=\"Hyperlink\" data-vars-ga-call-to-action=\"\u00c8 come portarsi dietro quei mattoni di vergogna, e questo ha conseguenze sotto forma di censura e cancellazione... oltre a rafforzare l&#039;idea errata che la natura sia regolata da un sistema ciseteronormativo\" data-node-id=\"21.1\" class=\"body-link css-17yqdwx emevuu60\" rel=\"nofollow noopener\">\u00c8 come portarsi dietro quei mattoni di vergogna, e questo ha conseguenze sotto forma di censura e cancellazione&#8230; oltre a rafforzare l&#8217;idea errata che la natura sia regolata da un sistema ciseteronormativo<\/a>\u00bb, ha proseguito. La star di The Umbrella Academy ha inoltre sottolineato di credere che chiunque possa trovare qualcosa di prezioso in questo documentario, presentato in anteprima al festival SXSW.<\/p>\n<p data-journey-content=\"true\" data-node-id=\"25\" class=\"css-1ood0zq emevuu60\">Page, che nel 2020 aveva annunciato la propria identit\u00e0 di uomo transgender con un toccante messaggio pubblicato sui social network, aveva gi\u00e0 parlato in passato di quanto sperasse che la condivisione della sua esperienza potesse contribuire a migliorare la visibilit\u00e0 delle persone transgender. \u00abQuando cammino per strada e i ragazzi si avvicinano a me, per me significa tantissimo\u00bb, aveva dichiarato in un&#8217;intervista a People nel 2023. \u00abChe possano essere s\u00e9 stessi, <strong data-node-id=\"25.1\">che abbiano il coraggio di dire: &#8220;Questo sono io e vivr\u00f2 la mia vita con autenticit\u00e0&#8221;<\/strong>\u00bb.<\/p>\n<p><img draggable=\"true\" alt=\"elliot page\" title=\"elliot page\" loading=\"lazy\" width=\"1313\" height=\"2000\" decoding=\"async\" data-nimg=\"1\" style=\"color:transparent;width:100%;height:auto;\"   src=\"https:\/\/www.europesays.com\/it\/wp-content\/uploads\/2026\/08\/564c6669-9bac-4ab8-8fbe-220be5f8be47.jpg\" class=\"css-0 e1ddfba50\"\/><\/p>\n<p>Getty Images<\/p>\n<p data-journey-content=\"true\" data-node-id=\"30\" class=\"css-1ood0zq emevuu60\">L&#8217;attore ha inoltre raccontato che, da quando ha reso pubblica la propria identit\u00e0, ha sperimentato una serenit\u00e0 e una felicit\u00e0 che in passato non avrebbe mai creduto possibili. <a href=\"https:\/\/www.marieclaire.it\/lifestyle\/coolmix\/a68966121\/disobbedire-esistere\/\" target=\"_blank\" data-vars-ga-outbound-link=\"https:\/\/www.marieclaire.it\/lifestyle\/coolmix\/a68966121\/disobbedire-esistere\/\" data-vars-ga-ux-element=\"Hyperlink\" data-vars-ga-call-to-action=\"\u00ab\u00c8 una sensazione che non avrei mai immaginato di poter provare, e si manifesta soprattutto nel fatto di sentirmi pienamente presente, nella tranquillit\u00e0 e nella capacit\u00e0 di esistere semplicemente\u00bb\" data-node-id=\"30.1\" class=\"body-link css-17yqdwx emevuu60\" rel=\"nofollow noopener\">\u00ab\u00c8 una sensazione che non avrei mai immaginato di poter provare, e si manifesta soprattutto nel fatto di sentirmi pienamente presente, nella tranquillit\u00e0 e nella capacit\u00e0 di esistere semplicemente\u00bb<\/a>, ha concluso. <\/p>\n<p><img draggable=\"true\" alt=\"elliot page\" title=\"elliot page\" loading=\"lazy\" width=\"1313\" height=\"2000\" decoding=\"async\" data-nimg=\"1\" style=\"color:transparent;width:100%;height:auto;\"   src=\"https:\/\/www.europesays.com\/it\/wp-content\/uploads\/2026\/08\/564c6669-9bac-4ab8-8fbe-220be5f8be47.jpg\" class=\"css-0 e1ddfba50\"\/><\/p>\n<p>Getty Images<\/p>\n","protected":false},"excerpt":{"rendered":"Elliot Page \u00e8 diventato una delle voci pi\u00f9 autorevoli e riflessive sul tema dell&#8217;identit\u00e0 di genere nel cinema&hellip;\n","protected":false},"author":3,"featured_media":645543,"comment_status":"","ping_status":"","sticky":false,"template":"","format":"standard","meta":{"footnotes":"","_share_on_mastodon":"0"},"categories":[1451],"tags":[1621,1620,1616,203,204,1537,90,89],"class_list":["post-645542","post","type-post","status-publish","format-standard","has-post-thumbnail","category-celebrita","tag-celebrita","tag-celebrities","tag-discover","tag-entertainment","tag-intrattenimento","tag-it","tag-italia","tag-italy"],"share_on_mastodon":{"url":"https:\/\/pubeurope.com\/@it\/117144446555543164","error":""},"_links":{"self":[{"href":"https:\/\/www.europesays.com\/it\/wp-json\/wp\/v2\/posts\/645542","targetHints":{"allow":["GET"]}}],"collection":[{"href":"https:\/\/www.europesays.com\/it\/wp-json\/wp\/v2\/posts"}],"about":[{"href":"https:\/\/www.europesays.com\/it\/wp-json\/wp\/v2\/types\/post"}],"author":[{"embeddable":true,"href":"https:\/\/www.europesays.com\/it\/wp-json\/wp\/v2\/users\/3"}],"replies":[{"embeddable":true,"href":"https:\/\/www.europesays.com\/it\/wp-json\/wp\/v2\/comments?post=645542"}],"version-history":[{"count":0,"href":"https:\/\/www.europesays.com\/it\/wp-json\/wp\/v2\/posts\/645542\/revisions"}],"wp:featuredmedia":[{"embeddable":true,"href":"https:\/\/www.europesays.com\/it\/wp-json\/wp\/v2\/media\/645543"}],"wp:attachment":[{"href":"https:\/\/www.europesays.com\/it\/wp-json\/wp\/v2\/media?parent=645542"}],"wp:term":[{"taxonomy":"category","embeddable":true,"href":"https:\/\/www.europesays.com\/it\/wp-json\/wp\/v2\/categories?post=645542"},{"taxonomy":"post_tag","embeddable":true,"href":"https:\/\/www.europesays.com\/it\/wp-json\/wp\/v2\/tags?post=645542"}],"curies":[{"name":"wp","href":"https:\/\/api.w.org\/{rel}","templated":true}]}}