{"id":645593,"date":"2026-08-23T11:29:18","date_gmt":"2026-08-23T11:29:18","guid":{"rendered":"https:\/\/www.europesays.com\/it\/645593\/"},"modified":"2026-08-23T11:29:18","modified_gmt":"2026-08-23T11:29:18","slug":"migranti-anche-lirlanda-rimanda-indietro-i-dublinanti-in-italia-e-scontro-sui-cpr","status":"publish","type":"post","link":"https:\/\/www.europesays.com\/it\/645593\/","title":{"rendered":"Migranti, anche l\u2019Irlanda rimanda indietro i \u201cdublinanti\u201d. In Italia \u00e8 scontro sui Cpr"},"content":{"rendered":"<p>Anche l&#8217;Irlanda <a data-intcmp=\"skytg24_foglia articolo_interlink_text\" href=\"https:\/\/tg24.sky.it\/cronaca\/2026\/08\/22\/migranti-italia-ultime-notizie\" target=\"_self\" rel=\"nofollow noopener\">si \u00e8 aggiunta alla lista dei Paesi Ue<\/a> che applicano le regole previste dal Patto sull&#8217;immigrazione, compresa la richiesta di trasferimento dei migranti verso le nazioni di primo ingresso, come l\u2019Italia. I numeri di Dublino sono bassi, lo scorso anno ha presentato meno di 2000 domande con nessun trasferimento effettuato. Ma il messaggio \u00e8 che gli Stati europei vogliono affermare il principio che chi registra la richiesta di asilo \u00e8 responsabile e si deve occupare del richiedente.<\/p>\n<p>\t\t \tSalvini attacca la Germania<\/p>\n<p>Intanto in Italia il vicepremier Matteo Salvini afferma che &#8220;la Germania non ha diritto di mandarci indietro un solo immigrato irregolare fino a che ci sono delle navi di Ong tedesche in giro per il Mediterraneo a scaricare migliaia di clandestini in Italia e in Europa: prima risolvi i problemi delle navi a cui hai dato la bandiera e poi parliamo di tutto il resto\u201d.<\/p>\n<p>\t\t\t<a class=\"c-inline-card j-inline-card c-inline-card--with-image\" href=\"https:\/\/tg24.sky.it\/mondo\/2026\/08\/21\/migranti-italia-ultime-notizie\" rel=\"follow nofollow noopener\" data-intcmp=\"skytg24_articolo_approfondimenti_inline\" target=\"_blank\"><\/p>\n<p>\t\t\t         <img decoding=\"async\" crossorigin=\"anonymous\" alt=\"\"  loading=\"lazy\"  src=\"https:\/\/www.europesays.com\/it\/wp-content\/uploads\/2026\/08\/1786800796_167_migranti-ceuta-ansa.jpg\"\/><\/p>\n<p>\n\t\t\t         Vedi anche<br \/>\n\t\t\t         Altri Paesi trasferiranno migranti a Roma. Piantedosi: Spagna sorella\n\t\t\t      <\/p>\n<p>\t\t\t<\/a><\/p>\n<p>\t\t \tSi attende il rapporto<\/p>\n<p>L\u2019Italia \u00e8 tra i Paesi che hanno votato la riforma del Patto sulle migrazioni. La cooperazione di Roma \u00e8 cruciale e intanto si attende il prossimo rapporto (il secondo dopo quello di luglio) sull&#8217;attuazione della riforma. E il tema dei \u201cdublinanti\u201d sar\u00e0 centrale. Secondo il nuovo regolamento Ammr, lo Stato di arrivo &#8220;non pu\u00f2 rifiutare i trasferimenti&#8221; e deve proporre &#8220;date alternative se non ha disponibilit\u00e0 immediata&#8221;. Il nuovo meccanismo prevede che, se i Paesi di primo ingresso non rispettano la loro parte, allora gli altri &#8211; in pratica i destinatari dei movimenti secondari &#8211; possono ignorare la loro e addio alla solidariet\u00e0 obbligatoria: ma significherebbe il fallimento totale del Patto.<\/p>\n<p>\t\t\t<a class=\"c-inline-card j-inline-card c-inline-card--with-image\" href=\"https:\/\/tg24.sky.it\/mondo\/2026\/08\/20\/migranti-italia-ultime-notizie\" rel=\"follow nofollow noopener\" data-intcmp=\"skytg24_articolo_approfondimenti_inline\" target=\"_blank\"><\/p>\n<p>\t\t\t         <img decoding=\"async\" crossorigin=\"anonymous\" alt=\"\"  loading=\"lazy\"  src=\"https:\/\/www.europesays.com\/it\/wp-content\/uploads\/2026\/08\/controlli_aeroporto_ansa.jpg\"\/><\/p>\n<p>\n\t\t\t         Vedi anche<br \/>\n\t\t\t         Migranti, fonti: &#8220;Francia e Spagna non li rimanderanno in Italia&#8221;\n\t\t\t      <\/p>\n<p>\t\t\t<\/a><\/p>\n<p>\t\t \tLo scontro sui Cpr<\/p>\n<p>In Italia intanto sale la tensione tra governo e Regioni \u201crosse\u201d dopo le parole di Giovanni Donzelli, (FdI), che ha annunciato come l&#8217;obiettivo dell&#8217;esecutivo \u00e8 fare i Cpr &#8220;anche dove le regioni non li vogliono, con buona pace anche della Regione Toscana&#8221;. Parole a cui risponde il governatore Eugenio Giani secondo cui &#8220;i Cpr non sono luoghi per trasferire nei loro Paesi d&#8217;origine i migranti , ma luoghi di detenzione impropria che non hanno personale adeguato per poter vigilare e anche indirizzare coloro che vi sono poi rinchiusi&#8221;. La Toscana nei mesi scorsi aveva espresso formalmente la propria contrariet\u00e0 al ministro dell&#8217;Interno Matteo Piantedosi. Il presidente dell&#8217;Emilia-Romagna, Michele de Pascale, si dice invece &#8220;pronto ad un confronto con il governo&#8221;.<\/p>\n<p>Piantedosi: &#8220;Sea Watch 5 ha violato norme, stop di 45 giorni&#8221;<\/p>\n<p>&#8220;Quarantacinque giorni di fermo e 7.500 euro di multa per la Sea Watch 5. La nave, battente bandiera tedesca, ancora una volta non ha rispettato gli obblighi di legge previsti durante le operazioni in mare. Una grave violazione della normativa: le attivit\u00e0 di soccorso in mare devono essere gestite e coordinate dagli Stati competenti, non dalle ong&#8221;, scrive il ministro dell&#8217;Interno, Matteo Piantedosi, commentando su X il provvedimento disposto nei confronti dell&#8217;imbarcazione e di cui scrive oggi il quotidiano La Repubblica. La nave \u00e8 stata sanzionata al suo arrivo nel porto di Napoli, dove ha sbarcato 6 minori soccorsi nel mediterraneo qualche giorno fa. La ong tedesca replica: \u201cSiamo stati multati con l&#8217;accusa di non aver collaborato con le autorit\u00e0 libiche. \u00c8 vero, noi non collaboriamo con criminali e trafficanti. Il governo italiano pu\u00f2 dire lo stesso?&#8221;.<\/p>\n<p>\t\t\t<a class=\"c-inline-card j-inline-card c-inline-card--with-image\" href=\"https:\/\/tg24.sky.it\/politica\/video\/2026\/08\/21\/perche-6-paesi-ue-rimanderanno-migranti-in-italia-1118936\" rel=\"follow nofollow noopener\" data-intcmp=\"skytg24_articolo_approfondimenti_inline\" target=\"_blank\"><\/p>\n<p>\t\t\t         <img decoding=\"async\" crossorigin=\"anonymous\" alt=\"\"  loading=\"lazy\"  src=\"https:\/\/www.europesays.com\/it\/wp-content\/uploads\/2026\/08\/1118936_1787308755915_thumb_494.0000001_1787309110625.jpg\"\/><\/p>\n<p>\n\t\t\t         Vedi anche<br \/>\n\t\t\t         Perch\u00e9 6 Paesi Ue rimanderanno migranti in Italia\n\t\t\t      <\/p>\n<p>\t\t\t<\/a><\/p>\n","protected":false},"excerpt":{"rendered":"Anche l&#8217;Irlanda si \u00e8 aggiunta alla lista dei Paesi Ue che applicano le regole previste dal Patto sull&#8217;immigrazione,&hellip;\n","protected":false},"author":3,"featured_media":645594,"comment_status":"","ping_status":"","sticky":false,"template":"","format":"standard","meta":{"footnotes":"","_share_on_mastodon":"0"},"categories":[160],"tags":[23735,14,164,165,369,13095,2014,2092,166,7,15,11,167,12,168,161,162,163],"class_list":["post-645593","post","type-post","status-publish","format-standard","has-post-thumbnail","category-mondo","tag-asilo","tag-cronaca","tag-dal-mondo","tag-dalmondo","tag-digitall","tag-immigrazione","tag-irlanda","tag-migranti","tag-mondo","tag-news","tag-notizie","tag-ultime-notizie","tag-ultime-notizie-di-mondo","tag-ultimenotizie","tag-ultimenotiziedimondo","tag-world","tag-world-news","tag-worldnews"],"share_on_mastodon":{"url":"https:\/\/pubeurope.com\/@it\/117144596088993360","error":""},"_links":{"self":[{"href":"https:\/\/www.europesays.com\/it\/wp-json\/wp\/v2\/posts\/645593","targetHints":{"allow":["GET"]}}],"collection":[{"href":"https:\/\/www.europesays.com\/it\/wp-json\/wp\/v2\/posts"}],"about":[{"href":"https:\/\/www.europesays.com\/it\/wp-json\/wp\/v2\/types\/post"}],"author":[{"embeddable":true,"href":"https:\/\/www.europesays.com\/it\/wp-json\/wp\/v2\/users\/3"}],"replies":[{"embeddable":true,"href":"https:\/\/www.europesays.com\/it\/wp-json\/wp\/v2\/comments?post=645593"}],"version-history":[{"count":0,"href":"https:\/\/www.europesays.com\/it\/wp-json\/wp\/v2\/posts\/645593\/revisions"}],"wp:featuredmedia":[{"embeddable":true,"href":"https:\/\/www.europesays.com\/it\/wp-json\/wp\/v2\/media\/645594"}],"wp:attachment":[{"href":"https:\/\/www.europesays.com\/it\/wp-json\/wp\/v2\/media?parent=645593"}],"wp:term":[{"taxonomy":"category","embeddable":true,"href":"https:\/\/www.europesays.com\/it\/wp-json\/wp\/v2\/categories?post=645593"},{"taxonomy":"post_tag","embeddable":true,"href":"https:\/\/www.europesays.com\/it\/wp-json\/wp\/v2\/tags?post=645593"}],"curies":[{"name":"wp","href":"https:\/\/api.w.org\/{rel}","templated":true}]}}