{"id":645705,"date":"2026-08-23T13:04:39","date_gmt":"2026-08-23T13:04:39","guid":{"rendered":"https:\/\/www.europesays.com\/it\/645705\/"},"modified":"2026-08-23T13:04:39","modified_gmt":"2026-08-23T13:04:39","slug":"la-reyer-si-sveglia-tardi-al-taliercio-vince-milano-90-85","status":"publish","type":"post","link":"https:\/\/www.europesays.com\/it\/645705\/","title":{"rendered":"La Reyer si sveglia tardi, al Taliercio vince Milano 90-85"},"content":{"rendered":"<p>La Reyer sfiora una rimonta epica, ma con questa Olimpia Milano non basta. In un Taliercio sold-out passano i meneghini per 90-85, nonostante una prova monstre di RJ Cole da 29 punti.<\/p>\n<p><a href=\"https:\/\/whatsapp.com\/channel\/0029VaDSWgR1Hsq4uWb1mS0I\" target=\"_blank\" rel=\"nofollow noopener\"><strong>Clicca qui per iscriverti al canale WhatsApp di VeneziaToday<\/strong><\/a><\/p>\n<p>Milano scava il vantaggio decisivo tra la fine del primo quarto e il secondo, arrivando al +22. La Reyer rientra in partita ma l&#8217;Olimpia riesce a tenerla a distanza, arrivando al +23 all&#8217;inizio del terzo quarto, sul 41-64. A quel punto, come successo troppe volte in stagione, la Reyer cambia marcia: con un impressionante parziale di 21-2 il terzo quarto si chiude sul -4, 62-66.\u00a0<\/p>\n<p>Nell&#8217;ultimo quarto \u00e8 punto a punto, Milano prova ad allungare ancora ma la Reyer c&#8217;\u00e8 e si porta pi\u00f9 volte sul -2. Non basta: finisce 90-85, e con tre vittorie consecutive l&#8217;Olimpia scalza gli orogranata dal terzo posto.<\/p>\n<p>Parziali: 14-27; 25-25; 23-14; 23-24<\/p>\n","protected":false},"excerpt":{"rendered":"La Reyer sfiora una rimonta epica, ma con questa Olimpia Milano non basta. In un Taliercio sold-out passano&hellip;\n","protected":false},"author":3,"featured_media":645706,"comment_status":"","ping_status":"","sticky":false,"template":"","format":"standard","meta":{"footnotes":"","_share_on_mastodon":"0"},"categories":[1453],"tags":[1756,40690,1757,1537,90,89,1868,5874,245,244,92733],"class_list":["post-645705","post","type-post","status-publish","format-standard","has-post-thumbnail","category-basket","tag-basket","tag-basket-serie-a","tag-basketball","tag-it","tag-italia","tag-italy","tag-lba","tag-olimpia-milano","tag-sport","tag-sports","tag-umana-reyer"],"share_on_mastodon":{"url":"https:\/\/pubeurope.com\/@it\/117144968525669445","error":""},"_links":{"self":[{"href":"https:\/\/www.europesays.com\/it\/wp-json\/wp\/v2\/posts\/645705","targetHints":{"allow":["GET"]}}],"collection":[{"href":"https:\/\/www.europesays.com\/it\/wp-json\/wp\/v2\/posts"}],"about":[{"href":"https:\/\/www.europesays.com\/it\/wp-json\/wp\/v2\/types\/post"}],"author":[{"embeddable":true,"href":"https:\/\/www.europesays.com\/it\/wp-json\/wp\/v2\/users\/3"}],"replies":[{"embeddable":true,"href":"https:\/\/www.europesays.com\/it\/wp-json\/wp\/v2\/comments?post=645705"}],"version-history":[{"count":0,"href":"https:\/\/www.europesays.com\/it\/wp-json\/wp\/v2\/posts\/645705\/revisions"}],"wp:featuredmedia":[{"embeddable":true,"href":"https:\/\/www.europesays.com\/it\/wp-json\/wp\/v2\/media\/645706"}],"wp:attachment":[{"href":"https:\/\/www.europesays.com\/it\/wp-json\/wp\/v2\/media?parent=645705"}],"wp:term":[{"taxonomy":"category","embeddable":true,"href":"https:\/\/www.europesays.com\/it\/wp-json\/wp\/v2\/categories?post=645705"},{"taxonomy":"post_tag","embeddable":true,"href":"https:\/\/www.europesays.com\/it\/wp-json\/wp\/v2\/tags?post=645705"}],"curies":[{"name":"wp","href":"https:\/\/api.w.org\/{rel}","templated":true}]}}