{"id":645749,"date":"2026-08-23T13:38:18","date_gmt":"2026-08-23T13:38:18","guid":{"rendered":"https:\/\/www.europesays.com\/it\/645749\/"},"modified":"2026-08-23T13:38:18","modified_gmt":"2026-08-23T13:38:18","slug":"riccardo-scamarcio-adesso-e-troppo-intellettuale-mi-ha-dato-del-matto-ma-poi-ha-riconosciuto-di-dovere-tutto-a-tre-metri-sopra-il-cielo-la-versione-di-federico-moccia","status":"publish","type":"post","link":"https:\/\/www.europesays.com\/it\/645749\/","title":{"rendered":"\u00abRiccardo Scamarcio? Adesso \u00e8 troppo intellettuale. Mi ha dato del matto, ma poi ha riconosciuto di dovere tutto a Tre metri sopra il cielo\u00bb. La versione di Federico Moccia"},"content":{"rendered":"<p><strong>\u00abAveva 20 anni, ho un ricordo bellissimo di lui, mi disse che aveva letto il mio libro, che quella era proprio la sua storia da ragazzo<\/strong>, quando viveva ad Andria. Poi l\u2019ho visto recitare, e mi sono detto \u201cpotrebbe diventare il nuovo Mastroianni, piacere al grande pubblico, di tutte le et\u00e0\u201d. Naturalmente a patto di avere lo stesso charme, la stessa grazia, la stessa ironia, la stessa eleganza di Marcello. <strong>Purtroppo le mie speranze sono naufragate, Mastroianni era una persona stupenda, meravigliosa\u2026\u00bb<\/strong>, la stoccata di Moccia a Riccardo Scamarcio<a href=\"https:\/\/www.vanityfair.it\/galleries\/gait107756\" target=\"_blank\" rel=\"nofollow noopener\">.<\/a><\/p>\n<p><a href=\"https:\/\/www.vanityfair.it\/galleries\/gait107756\" target=\"_blank\" rel=\"nofollow noopener\">Sui suoi film preferiti non ha avuto dubbi<\/a>: \u00abUno \u00e8 di sicuro Love Story, con quella frase stupenda \u201cl\u2019amore \u00e8 non dire mai mi dispiace\u201d. L\u2019altro \u00e8 Pretty woman, un film eccezionale, diceva che anche una prostituta pu\u00f2 vivere la bellezza di un sogno. Ho letto un\u2019intervista in cui Julia Roberts afferma che, se le proponessero oggi di rifare il film, direbbe di no. L\u2019ho trovata una cosa sbagliata\u00bb.<\/p>\n<p><img decoding=\"async\" alt=\"\u00abRiccardo Scamarcio Adesso \u00e8 troppo intellettuale. Mi ha dato del matto ma poi ha riconosciuto di dovere tutto a Tre...\" loading=\"lazy\" class=\"ResponsiveImageContainer-dkeESL cQPiWi responsive-image__image\"   src=\"https:\/\/www.europesays.com\/it\/wp-content\/uploads\/2026\/08\/tre%20metri%20sopra%20il%20cielo.jpeg\"\/><\/p>\n<p>Infine, un riferimento <a href=\"https:\/\/www.vanityfair.it\/galleries\/gait107756\" target=\"_blank\" rel=\"nofollow noopener\">al successo di Tre metri sopra il cielo e al film interpretato proprio da Riccardo Scamarcio nel ruolo di Step<\/a>: \u00ab<strong>La ricerca della favola, della bellezza di stare \u201ctre metri sopra il cielo\u201d non \u00e8 diversa da prima.<\/strong> I ragazzi di oggi, tra i 14 e i 16 anni, sono comunque alla ricerca dell\u2019amore; il sentimento \u00e8 sempre, fortunatamente, molto presente. Mutano i modi, quelli s\u00ec. Adesso invece di scambiarsi il numero di telefono, si danno l\u2019identit\u00e0 su Instagram e si scrivono l\u00ec. La comunicazione passa dai social, ma il desiderio della storia importante \u00e8 uguale. C\u2019\u00e8 un sacco di gente che continua ad amare l\u2019amore\u00bb.<\/p>\n","protected":false},"excerpt":{"rendered":"\u00abAveva 20 anni, ho un ricordo bellissimo di lui, mi disse che aveva letto il mio libro, che&hellip;\n","protected":false},"author":3,"featured_media":645750,"comment_status":"","ping_status":"","sticky":false,"template":"","format":"standard","meta":{"footnotes":"","_share_on_mastodon":"0"},"categories":[1442],"tags":[203,454,2799,204,1537,90,89,1521,108022],"class_list":["post-645749","post","type-post","status-publish","format-standard","has-post-thumbnail","category-film","tag-entertainment","tag-film","tag-gossip","tag-intrattenimento","tag-it","tag-italia","tag-italy","tag-movies","tag-riccardo-scamarcio"],"share_on_mastodon":{"url":"https:\/\/pubeurope.com\/@it\/117145103643576537","error":""},"_links":{"self":[{"href":"https:\/\/www.europesays.com\/it\/wp-json\/wp\/v2\/posts\/645749","targetHints":{"allow":["GET"]}}],"collection":[{"href":"https:\/\/www.europesays.com\/it\/wp-json\/wp\/v2\/posts"}],"about":[{"href":"https:\/\/www.europesays.com\/it\/wp-json\/wp\/v2\/types\/post"}],"author":[{"embeddable":true,"href":"https:\/\/www.europesays.com\/it\/wp-json\/wp\/v2\/users\/3"}],"replies":[{"embeddable":true,"href":"https:\/\/www.europesays.com\/it\/wp-json\/wp\/v2\/comments?post=645749"}],"version-history":[{"count":0,"href":"https:\/\/www.europesays.com\/it\/wp-json\/wp\/v2\/posts\/645749\/revisions"}],"wp:featuredmedia":[{"embeddable":true,"href":"https:\/\/www.europesays.com\/it\/wp-json\/wp\/v2\/media\/645750"}],"wp:attachment":[{"href":"https:\/\/www.europesays.com\/it\/wp-json\/wp\/v2\/media?parent=645749"}],"wp:term":[{"taxonomy":"category","embeddable":true,"href":"https:\/\/www.europesays.com\/it\/wp-json\/wp\/v2\/categories?post=645749"},{"taxonomy":"post_tag","embeddable":true,"href":"https:\/\/www.europesays.com\/it\/wp-json\/wp\/v2\/tags?post=645749"}],"curies":[{"name":"wp","href":"https:\/\/api.w.org\/{rel}","templated":true}]}}