{"id":645824,"date":"2026-08-23T14:41:15","date_gmt":"2026-08-23T14:41:15","guid":{"rendered":"https:\/\/www.europesays.com\/it\/645824\/"},"modified":"2026-08-23T14:41:15","modified_gmt":"2026-08-23T14:41:15","slug":"braccialetto-elettronico-il-veneziano-in-17-mesi-ne-ho-dovuti-cambiare-16-e-ogni-volta-sono-andato-io-in-caserma","status":"publish","type":"post","link":"https:\/\/www.europesays.com\/it\/645824\/","title":{"rendered":"\u200bBraccialetto elettronico, il veneziano: \u00abIn 17 mesi ne ho dovuti cambiare 16 e ogni volta sono andato io in caserma\u00bb"},"content":{"rendered":"<p><a href=\"https:\/\/www.ilgazzettino.it\/t\/venezia\" rel=\"nofollow noopener\" target=\"_blank\">VENEZIA<\/a> &#8211; \u00abIn 17 mesi ne ho dovuti cambiare 16, alcuni si sono rotti, altri non funzionavano. E ogni volta sono stato io a presentarmi dai carabinieri per raccontare del problema, del guasto di turno. In caserma non \u00e8 mai scattato alcun allarme, da quello che mi hanno detto\u00bb. Non \u00e8 certo la prima volta che qualcuno evidenzia le debolezze del sistema dei <a href=\"https:\/\/www.ilgazzettino.it\/t\/braccialetto-elettronico\" rel=\"nofollow noopener\" target=\"_blank\">braccialetti\u00a0elettronici<\/a>, ma in questo caso a puntare il dito \u00e8 uno degli uomini a cui il tribunale ha imposto la cavigliera. E la sua contestazione non critica tanto il momento in cui il dispositivo inizia a trillare, ma piuttosto tutti quegli episodi in cui avrebbe dovuto e, invece, \u00e8 rimasto silente.\u00a0<br \/>\u00abNon serve a niente &#8211; spiega il veneziano &#8211; L\u2019altro giorno il cinturino si \u00e8 spezzato perch\u00e9 sono caduto dalla scala, mentre montavo una tenda nuova. Non \u00e8 successo nulla: non ha suonato, non \u00e8 partita nessuna segnalazione alle forze dell\u2019ordine, niente. Avrei potuto fare qualsiasi cosa, a quel punto. Invece sono corso di mia spontanea iniziativa alla stazione dei carabinieri per raccontare l\u2019episodio, per chiedere una sostituzione. E loro mi hanno confermato di non aver ricevuto nessun allarme per l\u2019accaduto\u00bb.<\/p>\n<p>    &#13;<\/p>\n<p>APPROFONDIMENTI<\/p>\n<p>&#13;<\/p>\n<p>                            &#13;<br \/>\n                                            &#13;<br \/>\n                            <a href=\"https:\/\/www.ilgazzettino.it\/nordest\/venezia\/maltrattamenti_assessora_stalking_ex_marito_testimoni_chi_sa_parli-9715769.html\" rel=\"nofollow noopener\" target=\"_blank\">&#13;<br \/>\n                                                                <img decoding=\"async\" src=\"https:\/\/www.europesays.com\/it\/wp-content\/uploads\/2026\/08\/9715769_20103135_onecms_1t853qq2dq15akc157t_15u7la5smww.jpg\"\/>&#13;<br \/>\n                            <\/a>&#13;<br \/>\n                        &#13;<br \/>\n                                        &#13;<\/p>\n<p>                            &#13;<br \/>\n                                            &#13;<br \/>\n                            <a href=\"https:\/\/www.ilgazzettino.it\/nordest\/treviso\/stalker_arresto_braccialetto_elettronico_ex_bar_libero-9714541.html\" rel=\"nofollow noopener\" target=\"_blank\">&#13;<br \/>\n                                                                <img decoding=\"async\" src=\"https:\/\/www.europesays.com\/it\/wp-content\/uploads\/2026\/08\/9714541_19093910_carabinieri.jpg\"\/>&#13;<br \/>\n                            <\/a>&#13;<br \/>\n                        &#13;<br \/>\n                                        &#13;<\/p>\n<p>        &#13;<\/p>\n<p>LA VICENDA <\/p>\n<p>L\u2019uomo, residente in un Comune della provincia lagunare, dallo scorso anno ha in piedi una controversia giudiziaria con la donna che era stata sua moglie e con cui ha avuto un figlio &#8211; oggi pi\u00f9 che maggiorenne. \u00abEra marzo del 2025, abbiamo avuto l\u2019ennesimo feroce litigio e lei mi ha imposto di andare via di casa &#8211; racconta lui &#8211; Il giorno dopo ho fatto le valigie e me ne sono andato, ma ho anche contattato un avvocato. Lei ha fatto lo stesso e, nel giro di pochissimo, ho ricevuto una denuncia per <a href=\"https:\/\/www.ilgazzettino.it\/t\/maltrattamenti\" rel=\"nofollow noopener\" target=\"_blank\">maltrattamenti<\/a> in famiglia\u00bb.\u00a0<br \/>Una querela di questo genere procede a tappe forzate e, se la parte che si dichiara offesa conferma le accuse, la misura cautelare arriva rapidamente. \u00c8 andata cos\u00ec in questo caso: \u00abIl giudice ha deciso di predisporre un divieto di avvicinamento entro i 500 metri da lei. Noi abitavamo in un paese piuttosto piccolo, rispettare questo genere di prescrizione sarebbe stato complicatissimo restando entrambi nello stesso posto e, per questo, ho preso casa in un Comune vicino\u00bb. Non troppo lontano, comunque: \u00abNo, perch\u00e9 il mio lavoro era legato a certi luoghi specifici: facevo l\u2019agente di commercio e molti dei miei clienti si trovavano proprio nel mio stesso paese. E qui sono partiti i problemi: capitava di essere in zona per motivi professionali e incrociare per caso la mia ex: non era certo voluto, ma succedeva. \u00c8 capitato quattro volte, ogni volta lei ha denunciato l\u2019accaduto e, alla fine, questa serie si \u00e8 tradotta in una condanna per stalking che mi ha fatto finire in carcere per un mese. Il punto \u00e8 che il braccialetto non ha mai suonato per avvisarmi che ci stavamo avvicinando. E senza il sistema di controllo, io stesso come faccio a evitare di incontrarla per errore, lungo la strada?\u00bb.\u00a0<\/p>\n<p>PROVE E POLEMICHE <\/p>\n<p>L\u2019uomo ammette come, a un certo punto, abbia volutamente messo alla prova il meccanismo, avvicinandosi appositamente a luoghi dove riconosceva l\u2019automobile della moglie. \u00abHo filmato tutto: il braccialetto non suonava mai. In compenso \u00e8 capitato che qualcuno dei dispositivi che mi erano stati assegnati scattassero eccome, ma quando ero da solo, a casa mia, quindi a quasi un chilometro dalla mia ex. Anche in quelle occasioni ho registrato un video, proprio per poter dimostrare la mia innocenza\u00bb. Il caso pi\u00f9 contestato ha visto i due ex coniugi scoprirsi a pochi metri di distanza, lei in palestra e lui al supermercato: \u00abSono stato raggiunto dai carabinieri, mi hanno detto che stavo violando l\u2019ordine del giudice. Ma io come potevo sapere che all\u2019interno di un altro locale, dietro una porta chiusa, ma entro 500 metri, si trovava lei? Ha chiamato i militari perch\u00e9 mi ha visto alle casse, ma neppure in quel caso la cavigliera si era attivata\u00bb. La questione sar\u00e0 materia di scontro in aula, ma resta l\u2019interrogativo: \u00abSe avessi voluto farle del male, cosa me l\u2019avrebbe impedito?\u00bb.<\/p>\n<p>\u00a0<\/p>\n","protected":false},"excerpt":{"rendered":"VENEZIA &#8211; \u00abIn 17 mesi ne ho dovuti cambiare 16, alcuni si sono rotti, altri non funzionavano. E&hellip;\n","protected":false},"author":3,"featured_media":645825,"comment_status":"","ping_status":"","sticky":false,"template":"","format":"standard","meta":{"footnotes":"","_share_on_mastodon":"0"},"categories":[6],"tags":[356449,40758,14,8,1537,90,89,7413,7,15,82,9,83,10,13,11,80,84,12,81,85,222],"class_list":["post-645824","post","type-post","status-publish","format-standard","has-post-thumbnail","category-ultime-notizie","tag-braccialetti-elettronici","tag-braccialetto-elettronico","tag-cronaca","tag-headlines","tag-it","tag-italia","tag-italy","tag-maltrattamenti","tag-news","tag-notizie","tag-notizie-di-cronaca","tag-notizie-principali","tag-notiziedicronaca","tag-notizieprincipali","tag-titoli","tag-ultime-notizie","tag-ultime-notizie-di-cronaca","tag-ultime-notizie-e-news-di-oggi","tag-ultimenotizie","tag-ultimenotiziedicronaca","tag-ultimenotizieenewsdioggi","tag-venezia"],"share_on_mastodon":{"url":"https:\/\/pubeurope.com\/@it\/117145350172569624","error":""},"_links":{"self":[{"href":"https:\/\/www.europesays.com\/it\/wp-json\/wp\/v2\/posts\/645824","targetHints":{"allow":["GET"]}}],"collection":[{"href":"https:\/\/www.europesays.com\/it\/wp-json\/wp\/v2\/posts"}],"about":[{"href":"https:\/\/www.europesays.com\/it\/wp-json\/wp\/v2\/types\/post"}],"author":[{"embeddable":true,"href":"https:\/\/www.europesays.com\/it\/wp-json\/wp\/v2\/users\/3"}],"replies":[{"embeddable":true,"href":"https:\/\/www.europesays.com\/it\/wp-json\/wp\/v2\/comments?post=645824"}],"version-history":[{"count":0,"href":"https:\/\/www.europesays.com\/it\/wp-json\/wp\/v2\/posts\/645824\/revisions"}],"wp:featuredmedia":[{"embeddable":true,"href":"https:\/\/www.europesays.com\/it\/wp-json\/wp\/v2\/media\/645825"}],"wp:attachment":[{"href":"https:\/\/www.europesays.com\/it\/wp-json\/wp\/v2\/media?parent=645824"}],"wp:term":[{"taxonomy":"category","embeddable":true,"href":"https:\/\/www.europesays.com\/it\/wp-json\/wp\/v2\/categories?post=645824"},{"taxonomy":"post_tag","embeddable":true,"href":"https:\/\/www.europesays.com\/it\/wp-json\/wp\/v2\/tags?post=645824"}],"curies":[{"name":"wp","href":"https:\/\/api.w.org\/{rel}","templated":true}]}}