{"id":645960,"date":"2026-08-23T16:43:13","date_gmt":"2026-08-23T16:43:13","guid":{"rendered":"https:\/\/www.europesays.com\/it\/645960\/"},"modified":"2026-08-23T16:43:13","modified_gmt":"2026-08-23T16:43:13","slug":"un-milione-di-follower-su-instagram-e-la-musica-emo-rap-chi-e-tony-boy-il-rapper-arrestato-a-milano","status":"publish","type":"post","link":"https:\/\/www.europesays.com\/it\/645960\/","title":{"rendered":"Un milione di follower su Instagram e la musica \u201cemo rap\u201d: chi \u00e8 Tony Boy, il rapper arrestato a Milano"},"content":{"rendered":"<p>Antonio Hueber &#8211; vero nome di Tony Boy &#8211; \u00e8 nato a Padova nel settembre del 1999. Suo padre \u00e8 italiano, sua madre \u00e8 originaria della Repubblica Ceca. A oggi \u00e8 uno degli artisti musicali pi\u00f9 popolari a livello nazionale, soprattutto fra i ragazzi molto giovani. Su Instagram \u00e8 seguito da oltre un milione di persone. Nel 2025, Spotify lo ha inserito nella top ten degli artisti pi\u00f9 ascoltati in Italia (classifica maschile): era sesto, dopo Marracash e prima di Olly. Il 23 agosto \u00e8 stato <a href=\"https:\/\/www.milanotoday.it\/cronaca\/tony-boy-arrestato-diretta-social.html\" rel=\"nofollow noopener\" target=\"_blank\">arrestato<\/a> a Milano. I poliziotti hanno trovato in casa sua cocaina, hashish, una pistola con la matricola abrasa e diverse cartucce. Al momento si trova a San Vittore.<\/p>\n<p>Gli album<\/p>\n<p>Ha iniziato a fare musica da adolescente, nel 2014. Il suo singolo d\u2019esordio \u00e8 Adesso, uscito nel 2018. Nel 2019 esce invece l\u2019EP Non c\u2019\u00e8 futuro, che inizia a renderlo conosciuto. Dal 2023 a oggi ha pubblicato quattro album: Umile, Nostalgia (Export), Uforia, Trauma. Il suo genere musicale viene a volte chiamato \u201cemo rap\u201d, perch\u00e9 unisce elementi dell\u2019hip hop e della musica emo.<\/p>\n<p>Le collaborazioni: da Shiva a Lazza<\/p>\n<p>Nel corso della sua carriera ha lavorato con Shiva, Frah Quintale, Sick Luke, Gu\u00e9, Capo Plaza, Lazza, Luch\u00e9 e molti altri. L\u2019album pi\u00f9 recente, Trauma, \u00e8 uscito a gennaio 2026 ed \u00e8 considerato quello pi\u00f9 personale finora. Per questa ragione non sono state inserite collaborazioni. Da circa un anno Tony Boy \u00e8 anche padre: ha una figlia con l\u2019influencer Gaia Bianchi, nata nel 2025.<\/p>\n","protected":false},"excerpt":{"rendered":"Antonio Hueber &#8211; vero nome di Tony Boy &#8211; \u00e8 nato a Padova nel settembre del 1999. Suo&hellip;\n","protected":false},"author":3,"featured_media":645961,"comment_status":"","ping_status":"","sticky":false,"template":"","format":"standard","meta":{"footnotes":"","_share_on_mastodon":"0"},"categories":[1451],"tags":[19649,1621,1620,203,204,1537,90,89,2399],"class_list":["post-645960","post","type-post","status-publish","format-standard","has-post-thumbnail","category-celebrita","tag-arresti","tag-celebrita","tag-celebrities","tag-entertainment","tag-intrattenimento","tag-it","tag-italia","tag-italy","tag-rapper"],"share_on_mastodon":{"url":"https:\/\/pubeurope.com\/@it\/117145829815107601","error":""},"_links":{"self":[{"href":"https:\/\/www.europesays.com\/it\/wp-json\/wp\/v2\/posts\/645960","targetHints":{"allow":["GET"]}}],"collection":[{"href":"https:\/\/www.europesays.com\/it\/wp-json\/wp\/v2\/posts"}],"about":[{"href":"https:\/\/www.europesays.com\/it\/wp-json\/wp\/v2\/types\/post"}],"author":[{"embeddable":true,"href":"https:\/\/www.europesays.com\/it\/wp-json\/wp\/v2\/users\/3"}],"replies":[{"embeddable":true,"href":"https:\/\/www.europesays.com\/it\/wp-json\/wp\/v2\/comments?post=645960"}],"version-history":[{"count":0,"href":"https:\/\/www.europesays.com\/it\/wp-json\/wp\/v2\/posts\/645960\/revisions"}],"wp:featuredmedia":[{"embeddable":true,"href":"https:\/\/www.europesays.com\/it\/wp-json\/wp\/v2\/media\/645961"}],"wp:attachment":[{"href":"https:\/\/www.europesays.com\/it\/wp-json\/wp\/v2\/media?parent=645960"}],"wp:term":[{"taxonomy":"category","embeddable":true,"href":"https:\/\/www.europesays.com\/it\/wp-json\/wp\/v2\/categories?post=645960"},{"taxonomy":"post_tag","embeddable":true,"href":"https:\/\/www.europesays.com\/it\/wp-json\/wp\/v2\/tags?post=645960"}],"curies":[{"name":"wp","href":"https:\/\/api.w.org\/{rel}","templated":true}]}}