{"id":646028,"date":"2026-08-23T17:47:14","date_gmt":"2026-08-23T17:47:14","guid":{"rendered":"https:\/\/www.europesays.com\/it\/646028\/"},"modified":"2026-08-23T17:47:14","modified_gmt":"2026-08-23T17:47:14","slug":"condizionatori-accesi-anche-di-notte-e-la-bolletta-schizza-alle-stelle","status":"publish","type":"post","link":"https:\/\/www.europesays.com\/it\/646028\/","title":{"rendered":"Condizionatori accesi anche di notte e la bolletta schizza alle stelle"},"content":{"rendered":"<p><strong>Pi\u00f9 caldo, pi\u00f9 ore con il condizionatore acceso<\/strong>. E alla fine il conto arriva in bolletta. L\u2019estate 2026, caratterizzata da <strong>temperature elevate e ondate di calore prolungate<\/strong>, sta costringendo molte famiglie a utilizzare climatizzatori e ventilatori pi\u00f9 a lungo del solito. Una necessit\u00e0 che si traduce inevitabilmente in maggiori consumi. Secondo una simulazione di Facile.it, un dual split in classe A+ utilizzato otto ore al giorno per tre mesi costa circa 146 euro, il <strong>4% in pi\u00f9 rispetto all\u2019estate 2025<\/strong>. Con un apparecchio A+++ la stima pu\u00f2 invece scendere fino a 74 euro.<\/p>\n<p>Ma quest\u2019anno il problema \u00e8 soprattutto quanto a lungo siamo costretti ad accenderlo. Se prendiamo le sei ore quotidiane come semplice riferimento e il caldo porta a utilizzarlo per otto ore, il <strong>tempo di funzionamento aumenta del 33%<\/strong>; arrivando a dieci ore, cresce del 67%. Non significa che la bolletta aumenti esattamente nella stessa proporzione, soprattutto con gli inverter, che modulano la potenza, ma rende immediatamente l\u2019idea di quanto una stagione pi\u00f9 calda e lunga possa incidere sui consumi.<\/p>\n<p>Le stime di Assium confermano l\u2019ampiezza della forbice. Considerando 100 giorni tra maggio e agosto, un singolo split inverter di nuova generazione pu\u00f2 costare tra 95 e 170 euro per l\u2019intera estate. Con un modello pi\u00f9 datato si sale tra 145 e 215 euro, mentre un sistema multisplit pu\u00f2 superare i 400 euro. A pesare sono ore di utilizzo, temperatura impostata, efficienza dell\u2019apparecchio e numero di unit\u00e0 presenti in casa.<\/p>\n<p>E c\u2019\u00e8 un altro dato che racconta bene l\u2019estate 2026. Il <strong>15 luglio la domanda elettrica italiana ha raggiunto 57.985 megawatt<\/strong>, il valore pi\u00f9 alto dell\u2019anno e il 4,6% superiore al picco registrato nel 2025. Il caldo estremo \u00e8 stato indicato come uno dei fattori alla base dell\u2019impennata dei consumi.<\/p>\n<p>Il prezzo del fresco, dunque, non riguarda soltanto il portafoglio. Milioni di climatizzatori accesi contemporaneamente significano una <strong>forte pressione sulla rete elettrica<\/strong>, soprattutto nelle ore pi\u00f9 calde. Lo si \u00e8 visto durante l\u2019estate con blackout e interruzioni anche a Cremona. Non sarebbe per\u00f2 corretto attribuire automaticamente ogni blackout ai condizionatori ma quello che \u00e8 certo \u00e8 che caldo estremo e picchi di consumo sottopongono le infrastrutture elettriche a uno stress maggiore.<\/p>\n<p>C\u2019\u00e8 infine il tema ambientale. Consumare pi\u00f9 elettricit\u00e0 significa <strong>aumentare la quantit\u00e0 di energia che deve essere prodotta e immessa nel sistema<\/strong>; l\u2019impatto climatico effettivo dipende da come quell\u2019energia viene generata. Si crea cos\u00ec un paradosso: per difenderci da estati sempre pi\u00f9 calde utilizziamo pi\u00f9 energia per raffrescarci, aumentando la domanda proprio durante le giornate climaticamente pi\u00f9 difficili.<\/p>\n<p>La soluzione non \u00e8 rinunciare al condizionatore, ma utilizzarlo meglio. E sulla domanda se sia meglio lasciarlo sempre acceso o spegnerlo, la risposta dipende dall\u2019assenza: <strong>se la casa resta vuota per molte ore non ha senso continuare a raffreddarla<\/strong>; quando invece si rimane in casa a lungo, un inverter pu\u00f2 mantenere la temperatura raggiunta riducendo automaticamente la potenza, evitando continui cicli di accensione e spegnimento.<\/p>\n<p>\n                \u00a9 Riproduzione riservata\n              <\/p>\n","protected":false},"excerpt":{"rendered":"Pi\u00f9 caldo, pi\u00f9 ore con il condizionatore acceso. E alla fine il conto arriva in bolletta. L\u2019estate 2026,&hellip;\n","protected":false},"author":3,"featured_media":646029,"comment_status":"","ping_status":"","sticky":false,"template":"","format":"standard","meta":{"footnotes":"","_share_on_mastodon":"0"},"categories":[172],"tags":[178,32637,177,1534,38722,1533,1537,90,89],"class_list":["post-646028","post","type-post","status-publish","format-standard","has-post-thumbnail","category-affari","tag-affari","tag-bollette","tag-business","tag-caldo","tag-condizionatori","tag-estate","tag-it","tag-italia","tag-italy"],"share_on_mastodon":{"url":"","error":""},"_links":{"self":[{"href":"https:\/\/www.europesays.com\/it\/wp-json\/wp\/v2\/posts\/646028","targetHints":{"allow":["GET"]}}],"collection":[{"href":"https:\/\/www.europesays.com\/it\/wp-json\/wp\/v2\/posts"}],"about":[{"href":"https:\/\/www.europesays.com\/it\/wp-json\/wp\/v2\/types\/post"}],"author":[{"embeddable":true,"href":"https:\/\/www.europesays.com\/it\/wp-json\/wp\/v2\/users\/3"}],"replies":[{"embeddable":true,"href":"https:\/\/www.europesays.com\/it\/wp-json\/wp\/v2\/comments?post=646028"}],"version-history":[{"count":0,"href":"https:\/\/www.europesays.com\/it\/wp-json\/wp\/v2\/posts\/646028\/revisions"}],"wp:featuredmedia":[{"embeddable":true,"href":"https:\/\/www.europesays.com\/it\/wp-json\/wp\/v2\/media\/646029"}],"wp:attachment":[{"href":"https:\/\/www.europesays.com\/it\/wp-json\/wp\/v2\/media?parent=646028"}],"wp:term":[{"taxonomy":"category","embeddable":true,"href":"https:\/\/www.europesays.com\/it\/wp-json\/wp\/v2\/categories?post=646028"},{"taxonomy":"post_tag","embeddable":true,"href":"https:\/\/www.europesays.com\/it\/wp-json\/wp\/v2\/tags?post=646028"}],"curies":[{"name":"wp","href":"https:\/\/api.w.org\/{rel}","templated":true}]}}