{"id":646100,"date":"2026-08-23T18:58:16","date_gmt":"2026-08-23T18:58:16","guid":{"rendered":"https:\/\/www.europesays.com\/it\/646100\/"},"modified":"2026-08-23T18:58:16","modified_gmt":"2026-08-23T18:58:16","slug":"maxima-dolanda-oscurata-dalleleganza-della-figlia-alexia-conquista-il-gp-di-zandvoort","status":"publish","type":"post","link":"https:\/\/www.europesays.com\/it\/646100\/","title":{"rendered":"M\u00e1xima d&#8217;Olanda oscurata dall&#8217;eleganza della figlia, Alexia conquista il GP di Zandvoort"},"content":{"rendered":"<p>Nei Paesi Bassi sono stati giorni all\u2019insegna dello sport, con il Gran Premio di Zandvoort che ha riportato la Formula 1 al centro dell\u2019attenzione. E la famiglia reale non ha voluto perdersi l\u2019appuntamento: <strong>M\u00e1xima d\u2019Olanda e Re Willem-Alexander<\/strong> hanno assistito alla gara insieme alla figlia Alexia, prendendo parte a uno degli eventi pi\u00f9 attesi della stagione.<\/p>\n<p>La loro presenza ha naturalmente attirato l\u2019attenzione, ma sono state soprattutto M\u00e1xima e Alexia a c<strong>onquistare gli obiettivi dei fotografi<\/strong>. Madre e figlia sono apparse ancora una volta impeccabili, con <strong>due look molto diversi<\/strong> e due modi differenti di interpretare l\u2019eleganza. Se M\u00e1xima ha confermato il suo stile sofisticato, questa volta<strong> \u00e8 stata Alexia a sorprendere<\/strong>, riuscendo a prendersi qualche riflettore in pi\u00f9.\n<\/p>\n<p><strong>M\u00e1xima d\u2019Olanda, elegante e luminosa al GP di Zandvoort<\/strong><\/p>\n<p>Per il Gran Premio di Zandvoort, <a href=\"https:\/\/dilei.it\/star-e-vip\/maxima-dolanda\/\" rel=\"nofollow noopener\" target=\"_blank\">M\u00e1xima<\/a> ha scelto una <strong>palette chiara e naturale<\/strong>. La regina si \u00e8 presentata all\u2019evento sportivo indossando una <strong>camicia bianca dalle maniche corte,<\/strong> portata morbida e leggermente aperta sul davanti, abbinata a una <strong>gonna midi beige<\/strong> decorata da un grande motivo floreale bianco.<\/p>\n<p>Una scelta fresca e sofisticata che si \u00e8 adattata perfettamente alla giornata di sole e all\u2019atmosfera del circuito. Ai piedi, la regina ha indossato<strong> sandali chiari con zeppa,<\/strong> completando il look con occhiali da sole scuri e gioielli.<\/p>\n<p>I capelli biondi sono rimasti sciolti, con morbide onde che hanno incorniciato il viso.<\/p>\n<p>Anche Willem-Alexander ha sfoggiato grande eleganza in completo blu scuro, camicia bianca e cravatta gialla. Al termine della gara, il Re ha poi <strong>consegnato il trofeo a Lando Norris<\/strong>, vincitore della corsa.<\/p>\n<p><strong>Alexia conquista il GP con il suo look nero<\/strong><\/p>\n<p>A catturare gli sguardi \u00e8 stata per\u00f2 soprattutto <a href=\"https:\/\/dilei.it\/lifestyle\/video\/alexia-dolanda-principessa-che-fa-concorrenza-leonor-di-spagna\/1010197\/\" rel=\"nofollow noopener\" target=\"_blank\">Alexia<\/a>. La principessa <strong>ha scelto il total black<\/strong>, creando un contrasto netto con la palette chiara della madre. Il suo outfit per la giornata di gara \u00e8 caratterizzato da una linea pulita e da un <strong>top senza spalline e pantaloni neri ampi<\/strong>, con un dettaglio dorato a catena che ha segnato il punto vita.<\/p>\n<p>Il dettaglio metallico da carattere all\u2019intero look, mentre la borsa marrone portata a tracolla aggiunge una nota di colore. Alexia ha completato l\u2019outfit con una sottile collana, lasciando che fosse<strong> la semplicit\u00e0 dell\u2019insieme<\/strong> a catturare l\u2019attenzione.<\/p>\n<p>Anche i capelli sono rimasti sciolti e naturali, con la chioma castana che ha incorniciato il viso. Un risultato diverso dall\u2019eleganza pi\u00f9 classica scelta da M\u00e1xima, ma proprio per questo particolarmente efficace.<\/p>\n<p>Nelle foto scattate al circuito, madre e figlia sono <strong>apparse molto affiatate<\/strong>, ma anche protagoniste di un curioso confronto di stile. M\u00e1xima ha puntato sulla luminosit\u00e0 dei colori chiari, sui motivi floreali e su accessori sofisticati; Alexia ha scelto invece il nero e un\u2019immagine pi\u00f9 contemporanea.<\/p>\n<p>Una piccola sfida di eleganza tra le due, anche se definirla una vera competizione sarebbe ingeneroso nei confronti della regina: M\u00e1xima \u00e8 apparsa, come sempre, altrettanto raffinata. Semplicemente, questa volta \u00e8 stata Alexia, con il suo look deciso e molto attuale, a prendersi una parte particolarmente importante dei riflettori al GP di Zandvoort.<\/p>\n<p>\t\t\t\tScopri i personaggi in trend, le storie del momento e molto altro.<br \/>Dove? Sul <a href=\"https:\/\/whatsapp.com\/channel\/0029Vb68mVyHVvTWezDm7d0R\" target=\"_blank\" rel=\"noopener nofollow\">canale WhatsApp di DiLei!<\/a><\/p>\n<p>\t\t\t<a class=\"buttonCall\" href=\"https:\/\/whatsapp.com\/channel\/0029Vb68mVyHVvTWezDm7d0R\" target=\"_blank\" rel=\"noopener nofollow\" title=\"Seguici su WhatsApp\"><br \/>\n\t\t\t\tSeguici su WhatsApp<br \/>\n\t\t\t<\/a><\/p>\n","protected":false},"excerpt":{"rendered":"Nei Paesi Bassi sono stati giorni all\u2019insegna dello sport, con il Gran Premio di Zandvoort che ha riportato&hellip;\n","protected":false},"author":3,"featured_media":646101,"comment_status":"","ping_status":"","sticky":false,"template":"","format":"standard","meta":{"footnotes":"","_share_on_mastodon":"0"},"categories":[1451],"tags":[1621,1620,203,204,1537,90,89,1447,19255],"class_list":["post-646100","post","type-post","status-publish","format-standard","has-post-thumbnail","category-celebrita","tag-celebrita","tag-celebrities","tag-entertainment","tag-intrattenimento","tag-it","tag-italia","tag-italy","tag-reali","tag-sportivi"],"share_on_mastodon":{"url":"https:\/\/pubeurope.com\/@it\/117146360629776493","error":""},"_links":{"self":[{"href":"https:\/\/www.europesays.com\/it\/wp-json\/wp\/v2\/posts\/646100","targetHints":{"allow":["GET"]}}],"collection":[{"href":"https:\/\/www.europesays.com\/it\/wp-json\/wp\/v2\/posts"}],"about":[{"href":"https:\/\/www.europesays.com\/it\/wp-json\/wp\/v2\/types\/post"}],"author":[{"embeddable":true,"href":"https:\/\/www.europesays.com\/it\/wp-json\/wp\/v2\/users\/3"}],"replies":[{"embeddable":true,"href":"https:\/\/www.europesays.com\/it\/wp-json\/wp\/v2\/comments?post=646100"}],"version-history":[{"count":0,"href":"https:\/\/www.europesays.com\/it\/wp-json\/wp\/v2\/posts\/646100\/revisions"}],"wp:featuredmedia":[{"embeddable":true,"href":"https:\/\/www.europesays.com\/it\/wp-json\/wp\/v2\/media\/646101"}],"wp:attachment":[{"href":"https:\/\/www.europesays.com\/it\/wp-json\/wp\/v2\/media?parent=646100"}],"wp:term":[{"taxonomy":"category","embeddable":true,"href":"https:\/\/www.europesays.com\/it\/wp-json\/wp\/v2\/categories?post=646100"},{"taxonomy":"post_tag","embeddable":true,"href":"https:\/\/www.europesays.com\/it\/wp-json\/wp\/v2\/tags?post=646100"}],"curies":[{"name":"wp","href":"https:\/\/api.w.org\/{rel}","templated":true}]}}