{"id":646110,"date":"2026-08-23T19:08:19","date_gmt":"2026-08-23T19:08:19","guid":{"rendered":"https:\/\/www.europesays.com\/it\/646110\/"},"modified":"2026-08-23T19:08:19","modified_gmt":"2026-08-23T19:08:19","slug":"carburanti-prorogato-sconto-17-centesimi-sulle-accise-sul-gasolio-in-vigore-fino-al-26","status":"publish","type":"post","link":"https:\/\/www.europesays.com\/it\/646110\/","title":{"rendered":"Carburanti, prorogato sconto 17 centesimi sulle accise sul gasolio: in vigore fino al 26"},"content":{"rendered":"<p>Il ministro Giorgetti ha firmato il decreto ministeriale che attiva il meccanismo delle accise mobili &#8211; che sfrutta l&#8217;extragettito Iva &#8211; prorogando lo sconto gi\u00e0 previsto dall&#8217;ultimo decreto legge del governo di due giorni &#8211; il 25 e 26 agosto &#8211; anzich\u00e9 un giorno solo come annunciato inizialmente. Intanto, per mitigare gli effetti delle misure contro il caro-benzina l&#8217;Italia ha proposto insieme ad altri Paesi di introdurre una tassa sugli extraprofitti delle societ\u00e0 energetiche<\/p>\n<p>Il governo Meloni ha prorogato lo sconto di 17 centesimi sulle accise sul gasolio: sar\u00e0 in vigore fino al 26 agosto. Il ministro dell&#8217;Economia Giancarlo Giorgetti, insieme al ministro dell&#8217;Ambiente Gilberto Pichetto Fratin, ha infatti firmato il decreto ministeriale che attiva il meccanismo delle accise mobili &#8211; che sfrutta l&#8217;extragettito Iva &#8211; prorogando di due giorni (anzich\u00e9 di un giorno solo come annunciato inizialmente) lo sconto gi\u00e0 previsto dall&#8217;ultimo decreto legge: dal 25, quindi, si passa al 26 agosto. La decisione \u00e8 arrivata dopo che da giorni era iniziato il conto alla rovescia per la fine dello sconto: il provvedimento inizialmente doveva scadere domani 24 agosto e lo stop allo sconto rischiava di tradursi in un <a href=\"https:\/\/tg24.sky.it\/economia\/2026\/08\/23\/prezzi-benzina-diesel-controesodo-gasolio\" rel=\"nofollow noopener\" target=\"_blank\">nuovo aumento dei carburanti<\/a> proprio in occasione del grande controesodo estivo. Rischio che, comunque, rimane per i giorni successivi. Nel frattempo sei Paesi dell\u2019Unione europea, tra cui l\u2019Italia, hanno avanzato l\u2019ipotesi di introdurre una tassazione comunitaria sugli extraprofitti delle societ\u00e0 petrolifere, che stanno registrando guadagni particolarmente elevati. Le maggiori entrate potrebbero essere destinate a finanziare interventi a sostegno di famiglie e aziende, ancora alle prese con l\u2019aumento dei costi dell\u2019energia. Una proposta che in Italia ha acceso il dibattito politico.<\/p>\n<p>\t\t \tProrogato lo sconto fino al 26 agosto<\/p>\n<p>Lo sconto di 17 centesimi sulle accise sul gasolio sar\u00e0 quindi in vigore fino al 26 agosto, dopo che il decreto ministeriale firmato da Giorgetti ha attivato il meccanismo delle accise mobili che sfrutta l&#8217;extragettito Iva.\u00a0Fino al 24 agosto, invece, lo sconto era coperto dai tagli ai ministeri introdotti con il decreto legge di inizio agosto.\u00a0&#8220;Al fine di compensare le maggiori entrate dell&#8217;imposta sul valore aggiunto rispetto all&#8217;ultima previsione, derivanti dall&#8217;aumento del prezzo internazionale, espresso in euro, del petrolio greggio, per il periodo dal 25 agosto 2026 al 26 agosto 2026 l&#8217;aliquota di accisa sugli oli da gas o gasolio, usato come carburante&#8221; \u00e8 &#8220;rideterminata nella misura di 532,90 euro per mille litri&#8221;, si legge ora nel testo del decreto ministeriale. Lo sconto, prosegue il testo, \u00e8 coperto con &#8220;20,8 milioni di euro, del maggior gettito conseguito nel periodo dal 1\u00b0 luglio al 31 luglio 2026 in relazione ai versamenti periodici dell&#8217;imposta sul valore aggiunto&#8221;. Il testo deve ora essere pubblicato in Gazzetta Ufficiale.<\/p>\n<p>\t\t\t<a class=\"c-inline-card j-inline-card c-inline-card--with-image\" href=\"https:\/\/tg24.sky.it\/economia\/2026\/08\/23\/prezzi-benzina-diesel-controesodo-gasolio\" rel=\"follow nofollow noopener\" data-intcmp=\"skytg24_articolo_approfondimenti_inline\" target=\"_blank\"><\/p>\n<p>\t\t\t         <img decoding=\"async\" crossorigin=\"anonymous\" alt=\"\"  loading=\"lazy\"  src=\"https:\/\/www.europesays.com\/it\/wp-content\/uploads\/2026\/08\/1787512096_95_carburanti_benzina_ipa.jpg\"\/><\/p>\n<p>\n\t\t\t         Vedi anche<br \/>\n\t\t\t         Carburanti, stangata col primo controesodo: diesel a 2,2 euro al litro\n\t\t\t      <\/p>\n<p>\t\t\t<\/a><\/p>\n<p>\t\t \t<strong>Schlein: \u201cIl governo tassi subito gli extraprofitti delle societ\u00e0 energetiche\u201d<\/strong><\/p>\n<p>Intanto, dopo la lettera firmata da sei Paesi dell&#8217;Ue, anche in Italia nelle scorse ore si \u00e8 acceso il dibattito sull&#8217;ipotesi di introdurre una tassazione comunitaria sugli extraprofitti delle societ\u00e0 petrolifere.\u00a0\u201cQuella di ieri \u00e8 la seconda lettera che Giorgetti firma insieme ad altri ministri europei per tassare gli extraprofitti delle societ\u00e0 energetiche. In attesa che la proposta raccolga il consenso necessario a livello Ue, Meloni e Giorgetti passino dalle parole ai fatti e introducano questa tassa a livello nazionale\u201d, aveva esortato la leader del Pd Elly Schlein, in un&#8217;intervista al Corriere della Sera, prima della proroga dello sconto fino al 26 agosto. \u201cLe misure tampone non bastano pi\u00f9\u201d, aveva evidenziato la leader dem, chiedendo \u201csubito misure di sostegno per le famiglie e le imprese pi\u00f9 fragili\u201d e di \u201cintrodurre una vera strategia per ridurre strutturalmente i costi dell&#8217;energia\u201d.<\/p>\n<p>Le proposte del Pd<\/p>\n<p>Un appello condiviso anche dai presidenti dei gruppi parlamentari del Pd al Senato e alla Camera, Francesco Boccia e Chiara Braga, e dal capo delegazione Pd a Bruxelles, Nicola Zingaretti. \u201cIntrodurre subito una tassa sugli extra-profitti delle societ\u00e0 energetiche, utilizzare il meccanismo delle accise mobili e, soprattutto, presentare una strategia complessiva per ridurre il costo dell&#8217;energia\u201d, hanno dichiarato nelle scorse ore. \u201cChi si \u00e8 messo in viaggio per qualche giorno di ferie ha gi\u00e0 pagato un prezzo molto alto all\u2019incapacit\u00e0 del governo nell&#8217;affrontare la questione del caro carburanti. Le ripetute misure tampone del governo Meloni durano lo spazio di un mattino perch\u00e9 l\u2019instabilit\u00e0 internazionale continua a colpire la stabilit\u00e0 dei mercati energetici. Per questo servono politiche incisive che possano proteggere cittadini, famiglie e imprese&#8221;, avevano sottolineato i dem, chiedendo al governo come intenda affrontare &#8220;quella che non \u00e8 pi\u00f9 una emergenza temporale ma un problema strutturale. Hanno detto no a tutte le nostre proposte ma noi insistiamo: chiediamo di introdurre subito una tassa sugli extra-profitti delle societ\u00e0 energetiche, di utilizzare il meccanismo delle accise mobili e, soprattutto, di presentare una strategia complessiva per ridurre il costo dell&#8217;energia, accelerando la realizzazione degli impianti da fonti rinnovabili e semplificando i tempi necessari per realizzarli\u201d. I dem hanno anche chiesto chiarimenti su \u201ccome il governo intenda utilizzare quella flessibilit\u00e0 messa a disposizione dall&#8217;Ue sul fronte energetico e quali investimenti intenda realizzare. Non \u00e8 pi\u00f9 il tempo delle parole e delle promesse ma quello delle decisioni che servono al Paese per aiutare a rafforzare la nostra autonomia energetica e a investire sulle rinnovabili\u201d.<\/p>\n<p>\t\t\t<a class=\"c-inline-card j-inline-card c-inline-card--with-image\" href=\"https:\/\/tg24.sky.it\/politica\/2026\/08\/22\/tassa-ue-extraprofitti-petrolieri-caro-carburanti\" rel=\"follow nofollow noopener\" data-intcmp=\"skytg24_articolo_approfondimenti_inline\" target=\"_blank\"><\/p>\n<p>\t\t\t         <img decoding=\"async\" crossorigin=\"anonymous\" alt=\"\"  loading=\"lazy\"  src=\"https:\/\/www.europesays.com\/it\/wp-content\/uploads\/2026\/08\/opec_petrolio_greggio_barili_ansa.jpg\"\/><\/p>\n<p>\n\t\t\t         Leggi anche<br \/>\n\t\t\t         Caro-carburanti, proposta Ue per tassa su extraprofitti petroliferi\n\t\t\t      <\/p>\n<p>\t\t\t<\/a><\/p>\n<p>\t\t \t<strong>La discussione in Europa<\/strong><\/p>\n<p>Nei giorni scorsi i ministri delle Finanze di Germania, Italia, Austria, Polonia e Portogallo e il ministro dell&#8217;Economia spagnolo avrebbero inviato una lettera congiunta al ministro delle Finanze dell&#8217;Irlanda, che ha la presidenza di turno dell&#8217;Ue: i ministri hanno spinto affinch\u00e9 la questione di una tassa venga inserita all&#8217;ordine del giorno di una riunione dei ministri delle Finanze del blocco a Dublino il mese prossimo. La vicecapogruppo di Fratelli d&#8217;Italia alla Camera dei deputati, Augusta Montaruli, ha dichiarato che &#8220;il governo Meloni \u00e8 in prima fila per sostenere gli italiani anche su questo fronte. Ora l&#8217;Europa ci ascolti&#8221;.\u00a0<\/p>\n<p><strong>Il costo dei carburanti<\/strong><\/p>\n<p>Intanto il costo dei carburanti galoppa con nuovi record dei prezzi benzina e gasolio. Le associazioni che rappresentano i consumatori hanno ribadito il costo delle misure. Assoutenti ha chiesto al governo di tagliare le accise &#8220;almeno fino al 6 settembre&#8221;. Le risorse, ha suggerito l\u2019associazione, devono arrivare da extra-profitti di societ\u00e0 energetiche, petrolieri, banche e assicurazioni. L&#8217;Unc ha calcolato invece che &#8220;per la benzina \u00e8 record storico&#8221; negli ultimi anni mentre &#8220;il governo dorme e va in letargo&#8221;.<\/p>\n<p>\t\t\t<a class=\"c-inline-card j-inline-card c-inline-card--with-image\" href=\"https:\/\/tg24.sky.it\/economia\/2026\/08\/22\/prezzo-benzina-diesel-italia-carburanti-europa\" rel=\"follow nofollow noopener\" data-intcmp=\"skytg24_articolo_approfondimenti_inline\" target=\"_blank\"><\/p>\n<p>\t\t\t         <img decoding=\"async\" crossorigin=\"anonymous\" alt=\"\"  loading=\"lazy\"  src=\"https:\/\/www.europesays.com\/it\/wp-content\/uploads\/2026\/08\/01_ansa_taglio_accise_carburanti_proroga.JPG\"\/><\/p>\n<p>\n\t\t\t         Leggi anche<br \/>\n\t\t\t         Prezzo benzina e diesel, Italia tra i Paesi con i carburanti pi\u00f9 cari\n\t\t\t      <\/p>\n<p>\t\t\t<\/a><\/p>\n<p>\t            TAG:<\/p>\n","protected":false},"excerpt":{"rendered":"Il ministro Giorgetti ha firmato il decreto ministeriale che attiva il meccanismo delle accise mobili &#8211; che sfrutta&hellip;\n","protected":false},"author":3,"featured_media":642416,"comment_status":"","ping_status":"","sticky":false,"template":"","format":"standard","meta":{"footnotes":"","_share_on_mastodon":"0"},"categories":[172],"tags":[178,177,8740,369,3566,18423,1537,90,89,2991,3713],"class_list":["post-646110","post","type-post","status-publish","format-standard","has-post-thumbnail","category-affari","tag-affari","tag-business","tag-carburante","tag-digitall","tag-energia","tag-governo","tag-it","tag-italia","tag-italy","tag-soldi","tag-unione-europea"],"share_on_mastodon":{"url":"https:\/\/pubeurope.com\/@it\/117146401051110316","error":""},"_links":{"self":[{"href":"https:\/\/www.europesays.com\/it\/wp-json\/wp\/v2\/posts\/646110","targetHints":{"allow":["GET"]}}],"collection":[{"href":"https:\/\/www.europesays.com\/it\/wp-json\/wp\/v2\/posts"}],"about":[{"href":"https:\/\/www.europesays.com\/it\/wp-json\/wp\/v2\/types\/post"}],"author":[{"embeddable":true,"href":"https:\/\/www.europesays.com\/it\/wp-json\/wp\/v2\/users\/3"}],"replies":[{"embeddable":true,"href":"https:\/\/www.europesays.com\/it\/wp-json\/wp\/v2\/comments?post=646110"}],"version-history":[{"count":0,"href":"https:\/\/www.europesays.com\/it\/wp-json\/wp\/v2\/posts\/646110\/revisions"}],"wp:featuredmedia":[{"embeddable":true,"href":"https:\/\/www.europesays.com\/it\/wp-json\/wp\/v2\/media\/642416"}],"wp:attachment":[{"href":"https:\/\/www.europesays.com\/it\/wp-json\/wp\/v2\/media?parent=646110"}],"wp:term":[{"taxonomy":"category","embeddable":true,"href":"https:\/\/www.europesays.com\/it\/wp-json\/wp\/v2\/categories?post=646110"},{"taxonomy":"post_tag","embeddable":true,"href":"https:\/\/www.europesays.com\/it\/wp-json\/wp\/v2\/tags?post=646110"}],"curies":[{"name":"wp","href":"https:\/\/api.w.org\/{rel}","templated":true}]}}