{"id":646121,"date":"2026-08-23T19:25:16","date_gmt":"2026-08-23T19:25:16","guid":{"rendered":"https:\/\/www.europesays.com\/it\/646121\/"},"modified":"2026-08-23T19:25:16","modified_gmt":"2026-08-23T19:25:16","slug":"laura-morante-se-gli-uomini-lavorano-fino-a-ottantanni-per-le-donne-i-ruoli-diminuiscono-con-leta-e-difficile-accettare-che-la-protagonista-sia-una-donna-non-piu-giovane","status":"publish","type":"post","link":"https:\/\/www.europesays.com\/it\/646121\/","title":{"rendered":"Laura Morante: \u00abSe gli uomini lavorano fino a ottant\u2019anni, per le donne i ruoli diminuiscono con l\u2019et\u00e0. \u00c8 difficile accettare che la protagonista sia una donna non pi\u00f9 giovane\u00bb"},"content":{"rendered":"<p>\u00abEro una bambina difficile, molto vivace e insieme molto chiusa. Ne facevo di tutti i colori, una volta in un albergo a Follonica misi qualcosa nella vasca dei pesci e <strong>iniziai a spostarmi da un balcone all\u2019altro, scavalcando le ringhiere ed entrando nelle stanza degli sconosciuti.<\/strong> Poi accadde il contrario di ci\u00f2 che succede di solito: diventai <strong>un\u2019adolescente quieta<\/strong>, quasi troppo buona. Ero patologicamente timida e anche patologicamente curiosa. Quando suonavano alla porta salivo al piano di sopra e osservavo tutti attraverso lo spazio vuoto tra uno scalino e l\u2019altro, senza farmi vedere. Anni dopo alcuni amici di famiglia mi raccontarono che sapevano dell\u2019esistenza di un\u2019altra sorella Morante, ma nessuno l\u2019aveva mai vista\u00bb.<\/p>\n<p><img decoding=\"async\" alt=\"Laura Morante \u00abSe gli uomini lavorano fino a ottantanni per le donne i ruoli diminuiscono con let\u00e0. \u00c8 difficile...\" loading=\"lazy\" class=\"ResponsiveImageContainer-dkeESL cQPiWi responsive-image__image\"   src=\"https:\/\/www.europesays.com\/it\/wp-content\/uploads\/2026\/08\/Laura%20Morante_QUASI%20GRAZIA.jpg\"\/><\/p>\n<p>Da qui il bisogno di farsi vedere: \u00abEravamo tanti figli: <strong>ci si spintonava per ricevere un po\u2019 di attenzione<\/strong>, ma eravamo contenti di non avere gli occhi degli adulti addosso. <strong>Sono andata via di casa a diciassette anni e a malapena se ne sono accorti.<\/strong> Iniziando a recitare, pi\u00f9 che attirare gli sguardi mi nascondevo dietro i personaggi\u00bb.<\/p>\n<p><a href=\"https:\/\/www.vanityfair.it\/article\/laura-morante-zia-elsa-mi-faceva-paura-donna-un-po-dispotica\" target=\"_blank\" rel=\"nofollow noopener\">E sua zia, Elsa Morante?<\/a> \u00abMi faceva paura. Fumava una sigaretta dietro l\u2019altra e parlava a voce altissima, in modo perentorio. Da bambina ero la sua prediletta, forse perch\u00e9 avevo un\u2019aria selvatica: ero un tipo che piaceva a certi intellettuali come Elsa e Pasolini\u00bb. \u00c8 stata proprio lei a sconsigliare Laura Morante di recitare nel Decameron di Pasolini: <strong>\u00abPenso abbia avuto ragione: ero molto giovane e sarebbe stata un\u2019esperienza traumatica.<\/strong> Una volta mi port\u00f2 per qualche giorno a casa sua a Roma. Era Natale, a piazza Navona mi compr\u00f2 un presepe che conservo ancora. Fu carina, ma io ero terrorizzata e <strong>il mio sonnambulismo si accentu\u00f2<\/strong>. Per fortuna dopo poco mi rimand\u00f2 a casa\u00bb.<\/p>\n","protected":false},"excerpt":{"rendered":"\u00abEro una bambina difficile, molto vivace e insieme molto chiusa. Ne facevo di tutti i colori, una volta&hellip;\n","protected":false},"author":3,"featured_media":646122,"comment_status":"","ping_status":"","sticky":false,"template":"","format":"standard","meta":{"footnotes":"","_share_on_mastodon":"0"},"categories":[1451],"tags":[1621,1620,203,2799,204,1537,90,89],"class_list":["post-646121","post","type-post","status-publish","format-standard","has-post-thumbnail","category-celebrita","tag-celebrita","tag-celebrities","tag-entertainment","tag-gossip","tag-intrattenimento","tag-it","tag-italia","tag-italy"],"share_on_mastodon":{"url":"https:\/\/pubeurope.com\/@it\/117146467672584451","error":""},"_links":{"self":[{"href":"https:\/\/www.europesays.com\/it\/wp-json\/wp\/v2\/posts\/646121","targetHints":{"allow":["GET"]}}],"collection":[{"href":"https:\/\/www.europesays.com\/it\/wp-json\/wp\/v2\/posts"}],"about":[{"href":"https:\/\/www.europesays.com\/it\/wp-json\/wp\/v2\/types\/post"}],"author":[{"embeddable":true,"href":"https:\/\/www.europesays.com\/it\/wp-json\/wp\/v2\/users\/3"}],"replies":[{"embeddable":true,"href":"https:\/\/www.europesays.com\/it\/wp-json\/wp\/v2\/comments?post=646121"}],"version-history":[{"count":0,"href":"https:\/\/www.europesays.com\/it\/wp-json\/wp\/v2\/posts\/646121\/revisions"}],"wp:featuredmedia":[{"embeddable":true,"href":"https:\/\/www.europesays.com\/it\/wp-json\/wp\/v2\/media\/646122"}],"wp:attachment":[{"href":"https:\/\/www.europesays.com\/it\/wp-json\/wp\/v2\/media?parent=646121"}],"wp:term":[{"taxonomy":"category","embeddable":true,"href":"https:\/\/www.europesays.com\/it\/wp-json\/wp\/v2\/categories?post=646121"},{"taxonomy":"post_tag","embeddable":true,"href":"https:\/\/www.europesays.com\/it\/wp-json\/wp\/v2\/tags?post=646121"}],"curies":[{"name":"wp","href":"https:\/\/api.w.org\/{rel}","templated":true}]}}