{"id":646292,"date":"2026-08-23T22:07:22","date_gmt":"2026-08-23T22:07:22","guid":{"rendered":"https:\/\/www.europesays.com\/it\/646292\/"},"modified":"2026-08-23T22:07:22","modified_gmt":"2026-08-23T22:07:22","slug":"la-citta-piu-bella-in-italia-per-kobe-bryant","status":"publish","type":"post","link":"https:\/\/www.europesays.com\/it\/646292\/","title":{"rendered":"La citt\u00e0 pi\u00f9 bella in Italia per Kobe Bryant"},"content":{"rendered":"<p data-journey-content=\"true\" data-node-id=\"4\" class=\"css-1ood0zq emevuu60\">Una leggenda del mondo dello sport, un campione senza tempo. Kobe Bryant ha scritto pagine e pagine del basket negli <a href=\"https:\/\/www.menshealth.com\/it\/lifestyle\/vacanze-viaggi\/a64686198\/dove-andare-stati-uniti-spendendo-poco\/\" target=\"_blank\" data-vars-ga-outbound-link=\"https:\/\/www.menshealth.com\/it\/lifestyle\/vacanze-viaggi\/a64686198\/dove-andare-stati-uniti-spendendo-poco\/\" data-vars-ga-ux-element=\"Hyperlink\" data-vars-ga-call-to-action=\"Stati Uniti\" data-node-id=\"4.1\" class=\"body-link css-10fnnmt emevuu60\" rel=\"nofollow noopener\">Stati Uniti<\/a>, in NBA, e anche dopo il suo ritiro riusciva a lasciare il segno. Fino al 26 gennaio 2020, quando a 41 anni, insieme alla figlia Gianna e ad altre sette persone rimase vittima di un incidente in elicottero avvenuto in <a href=\"https:\/\/www.menshealth.com\/it\/lifestyle\/vacanze-viaggi\/a69674886\/citta-california-dialetto-italia\/\" target=\"_blank\" data-vars-ga-outbound-link=\"https:\/\/www.menshealth.com\/it\/lifestyle\/vacanze-viaggi\/a69674886\/citta-california-dialetto-italia\/\" data-vars-ga-ux-element=\"Hyperlink\" data-vars-ga-call-to-action=\"California\" data-node-id=\"4.3\" class=\"body-link css-10fnnmt emevuu60\" rel=\"nofollow noopener\">California<\/a>. Cinque volte campione <a href=\"https:\/\/www.menshealth.com\/it\/fitness\/sport\/a71298093\/derby-nba-milano\/\" target=\"_blank\" data-vars-ga-outbound-link=\"https:\/\/www.menshealth.com\/it\/fitness\/sport\/a71298093\/derby-nba-milano\/\" data-vars-ga-ux-element=\"Hyperlink\" data-vars-ga-call-to-action=\"NBA\" data-node-id=\"4.5\" class=\"body-link css-10fnnmt emevuu60\" rel=\"nofollow noopener\">NBA<\/a> con i Los Angeles Lakers, due volte oro olimpico con gli Stati Uniti e vincitore di un premio Oscar per il cortometraggio Dear Basketball, Bryant ha vissuto una parte fondamentale della sua formazione personale e sportiva avvenne per\u00f2 lontano dagli Stati Uniti: tra i sei e i tredici anni visse nel nostro Paese, anche in quella che \u00e8 stata <strong data-node-id=\"4.9\">la citt\u00e0 pi\u00f9 bella in Italia per Kobe Bryant<\/strong>.<\/p>\n<p>Ecco qual \u00e8 la citt\u00e0 pi\u00f9 bella in Italia per Kobe Bryant<\/p>\n<p data-journey-content=\"true\" data-node-id=\"12\" class=\"css-1ood0zq emevuu60\">Oggi, 23 agosto, Kobe Bryant avrebbe compiuto 48 anni. Durante l&#8217;infanzia, buona parte di questi anni <strong data-node-id=\"12.1\">li ha trascorsi in Italia seguendo la carriera del padre Joe<\/strong>, passando per Rieti, <a href=\"https:\/\/www.menshealth.com\/it\/lifestyle\/vacanze-viaggi\/a71081318\/borgo-piu-bello-vicino-reggio-calabria\/\" target=\"_blank\" data-vars-ga-outbound-link=\"https:\/\/www.menshealth.com\/it\/lifestyle\/vacanze-viaggi\/a71081318\/borgo-piu-bello-vicino-reggio-calabria\/\" data-vars-ga-ux-element=\"Hyperlink\" data-vars-ga-call-to-action=\"Reggio Calabria\" data-node-id=\"12.3\" class=\"body-link css-10fnnmt emevuu60\" rel=\"nofollow noopener\">Reggio Calabria<\/a>, Pistoia e infine Reggio Emilia. Ed \u00e8 proprio Reggio Emilia che per tutta la sua carriera ha occupato un posto in primissimo piano nei suoi ricordi. Tornato in citt\u00e0 nel luglio 2016, <strong data-node-id=\"12.5\">Kobe spieg\u00f2 in italiano il motivo di quel legame<\/strong> durante un\u2019intervista al quotidiano Il Resto del Carlino: &#8220;La mia storia \u00e8 iniziata in questa citt\u00e0&#8221;. E alla domanda sul perch\u00e9 fosse tanto affezionato a Reggio Emilia rispose: &#8220;Perch\u00e9 sono cos\u00ec legato a Reggio? Perch\u00e9 ho tantissimi ricordi speciali&#8221;. <\/p>\n<p data-journey-content=\"true\" data-node-id=\"17\" class=\"css-1ood0zq emevuu60\">Ricord\u00f2 inoltre come apparisse quasi incredibile che uno dei migliori giocatori della NBA <strong data-node-id=\"17.1\">potesse essere cresciuto in una realt\u00e0 tanto lontana da Los Angeles<\/strong>, sottolineando che proprio quella storia dimostrava come ogni sogno potesse diventare possibile.<\/p>\n<p>Il passaggio di Kobe Bryant in Italia prima dell&#8217;inizio della sua carriera leggendaria<\/p>\n<p data-journey-content=\"true\" data-node-id=\"23\" class=\"css-1ood0zq emevuu60\">Reggio Emilia <strong data-node-id=\"23.1\">fu l\u2019ultima tappa italiana della famiglia Bryant prima del ritorno negli Stati Uniti<\/strong>. Qui Kobe trascorse gli anni <strong data-node-id=\"23.3\">tra il 1989 e il 1991<\/strong>, mentre il padre giocava per la Pallacanestro Reggiana, e continu\u00f2 a sviluppare il rapporto con il <a href=\"https:\/\/www.menshealth.com\/it\/lifestyle\/a71739472\/bollate-nuovo-campo-basket\/\" target=\"_blank\" data-vars-ga-outbound-link=\"https:\/\/www.menshealth.com\/it\/lifestyle\/a71739472\/bollate-nuovo-campo-basket\/\" data-vars-ga-ux-element=\"Hyperlink\" data-vars-ga-call-to-action=\"basket\" data-node-id=\"23.5\" class=\"body-link css-10fnnmt emevuu60\" rel=\"nofollow noopener\">basket<\/a> iniziato nelle precedenti esperienze italiane. Ci\u00f2 che ha reso speciale Reggio Emilia, in particolare, \u00e8 stato Kobe Bryant stesso a raccontarlo, sempre durante il suo ritorno in <a href=\"https:\/\/www.menshealth.com\/it\/lifestyle\/vacanze-viaggi\/a70875186\/vacanze-economiche-emilia-romagna\/\" target=\"_blank\" data-vars-ga-outbound-link=\"https:\/\/www.menshealth.com\/it\/lifestyle\/vacanze-viaggi\/a70875186\/vacanze-economiche-emilia-romagna\/\" data-vars-ga-ux-element=\"Hyperlink\" data-vars-ga-call-to-action=\"Emilia Romagna\" data-node-id=\"23.7\" class=\"body-link css-10fnnmt emevuu60\" rel=\"nofollow noopener\">Emilia Romagna<\/a> nel 2016: <strong data-node-id=\"23.9\">la bellezza di Reggio Emilia era nella normalit\u00e0 di uscire in piazza, di incontrare gli amici e prendere un gelato<\/strong>, spiegando che le sue figlie difficilmente avrebbero potuto comprendere quel tipo di vita e il suo amore per l\u2019Italia. <\/p>\n<p><img draggable=\"true\" alt=\"third anniversary of kobe bryant death in italy\" title=\"Third anniversary of Kobe Bryant death in Italy\" loading=\"lazy\" width=\"5472\" height=\"3648\" decoding=\"async\" data-nimg=\"1\" style=\"color:transparent;width:100%;height:auto;\"   src=\"https:\/\/www.europesays.com\/it\/wp-content\/uploads\/2026\/08\/ff79178b-b4f5-4698-b46b-41b4145f6d7e.jpeg\" class=\"css-0 e1ddfba50\"\/><a target=\"_blank\" rel=\"noopener nofollow\" data-theme-key=\"base-link\" href=\"https:\/\/pinterest.com\/pin\/create\/button\/?url=https:\/\/www.menshealth.com\/it\/lifestyle\/vacanze-viaggi\/a73221106\/citta-piu-bella-italia-kobe-bryant\/&amp;description=&amp;media=https:\/\/hips.hearstapps.com\/hmg-prod\/images\/ff79178b-b4f5-4698-b46b-41b4145f6d7e.jpeg?resize=1600:*\" class=\"pinterest css-on9hn5 e1socmtw0\"><img decoding=\"async\" data-dynamic-svg=\"true\" src=\"https:\/\/www.menshealth.com\/_assets\/design-tokens\/fre\/static\/icons\/social\/pinterest.e8cf655.svg?primary=%2523ffffff\" loading=\"lazy\" data-testid=\"dynamic-svg-base\" height=\"auto\" width=\"auto\" alt=\"pinterest\" class=\"css-4lml0h e1mlxuuw1\"\/><\/a><\/p>\n<p>Anadolu\/\/Getty Images<\/p>\n<p data-journey-content=\"true\" data-node-id=\"28\" class=\"css-1ood0zq emevuu60\">Dopo la sua morte, Reggio Emilia ha trasformato quel rapporto in una memoria pubblica: <strong data-node-id=\"28.1\">nel gennaio 2021 \u00e8 stato inaugurato il Largo Kobe e Gianna Bryant<\/strong>, accanto al PalaBigi, mentre iniziative, <a href=\"https:\/\/www.menshealth.com\/it\/lifestyle\/vacanze-viaggi\/a65286904\/borgo-murales-sardegna\/\" target=\"_blank\" data-vars-ga-outbound-link=\"https:\/\/www.menshealth.com\/it\/lifestyle\/vacanze-viaggi\/a65286904\/borgo-murales-sardegna\/\" data-vars-ga-ux-element=\"Hyperlink\" data-vars-ga-call-to-action=\"murales\" data-node-id=\"28.3\" class=\"body-link css-10fnnmt emevuu60\" rel=\"nofollow noopener\">murales<\/a> e commemorazioni continuano a ricordarlo come un figlio adottivo della citt\u00e0.<\/p>\n","protected":false},"excerpt":{"rendered":"Una leggenda del mondo dello sport, un campione senza tempo. Kobe Bryant ha scritto pagine e pagine del&hellip;\n","protected":false},"author":3,"featured_media":646293,"comment_status":"","ping_status":"","sticky":false,"template":"","format":"standard","meta":{"footnotes":"","_share_on_mastodon":"0"},"categories":[1451],"tags":[1621,1620,356700,1616,203,204,1537,90,89,162422,356703,356701,22326,356702],"class_list":["post-646292","post","type-post","status-publish","format-standard","has-post-thumbnail","category-celebrita","tag-celebrita","tag-celebrities","tag-citta-piu-bella-italia-kobe-bryant","tag-discover","tag-entertainment","tag-intrattenimento","tag-it","tag-italia","tag-italy","tag-kobe-bryant","tag-kobe-bryant-cresciuto-a-kobe-bryant","tag-kobe-bryant-reggio-emilia","tag-reggio-emilia","tag-reggio-emilia-kobe-bryant"],"share_on_mastodon":{"url":"https:\/\/pubeurope.com\/@it\/117147104721899719","error":""},"_links":{"self":[{"href":"https:\/\/www.europesays.com\/it\/wp-json\/wp\/v2\/posts\/646292","targetHints":{"allow":["GET"]}}],"collection":[{"href":"https:\/\/www.europesays.com\/it\/wp-json\/wp\/v2\/posts"}],"about":[{"href":"https:\/\/www.europesays.com\/it\/wp-json\/wp\/v2\/types\/post"}],"author":[{"embeddable":true,"href":"https:\/\/www.europesays.com\/it\/wp-json\/wp\/v2\/users\/3"}],"replies":[{"embeddable":true,"href":"https:\/\/www.europesays.com\/it\/wp-json\/wp\/v2\/comments?post=646292"}],"version-history":[{"count":0,"href":"https:\/\/www.europesays.com\/it\/wp-json\/wp\/v2\/posts\/646292\/revisions"}],"wp:featuredmedia":[{"embeddable":true,"href":"https:\/\/www.europesays.com\/it\/wp-json\/wp\/v2\/media\/646293"}],"wp:attachment":[{"href":"https:\/\/www.europesays.com\/it\/wp-json\/wp\/v2\/media?parent=646292"}],"wp:term":[{"taxonomy":"category","embeddable":true,"href":"https:\/\/www.europesays.com\/it\/wp-json\/wp\/v2\/categories?post=646292"},{"taxonomy":"post_tag","embeddable":true,"href":"https:\/\/www.europesays.com\/it\/wp-json\/wp\/v2\/tags?post=646292"}],"curies":[{"name":"wp","href":"https:\/\/api.w.org\/{rel}","templated":true}]}}