{"id":646483,"date":"2026-08-24T01:39:16","date_gmt":"2026-08-24T01:39:16","guid":{"rendered":"https:\/\/www.europesays.com\/it\/646483\/"},"modified":"2026-08-24T01:39:16","modified_gmt":"2026-08-24T01:39:16","slug":"deutschland-tour-magnier-chiude-con-una-vittoria-5-zambanini-il-giro-e-di-del-toro-video","status":"publish","type":"post","link":"https:\/\/www.europesays.com\/it\/646483\/","title":{"rendered":"DEUTSCHLAND TOUR. MAGNIER CHIUDE CON UNA VITTORIA (5\u00b0 ZAMBANINI), IL GIRO E&#8217; DI DEL TORO. VIDEO"},"content":{"rendered":"<p>            <a class=\"category\" href=\"https:\/\/www.tuttobiciweb.it\/articles\/category\/PROFESSIONISTI\" itemprop=\"about\" rel=\"nofollow noopener\" target=\"_blank\">PROFESSIONISTI<\/a> | 23\/08\/2026 | 16:15<br \/>\n            <a class=\"author\" href=\"https:\/\/www.tuttobiciweb.it\/articles\/author\/Paolo%20Broggi\" rel=\"nofollow noopener\" target=\"_blank\">di Paolo Broggi<\/a><\/p>\n<p><strong>Paul Magnier mette la firma sulla\u00a0quarta e ultima tappa del\u00a0Lidl Deutschland Tour<\/strong>, la\u00a0Heilbronn &#8211; Heilbronn di 156,5 km. Il velocista francese della Soudal Quick Step si \u00e8 imposto in un finale convulso nel quale Isaac Del Toro ha tentato un&#8217;azione solitaria che per\u00f2 \u00e8 naufragata proprio nel finale. Magnier ha battuto l&#8217;olandese <strong>Van Poppel<\/strong> della Red Bull Bora Hansgrohe e <strong>Teutenberg<\/strong> della Lidl Trek con Edoardo <strong>Zambanini<\/strong> della Bahrain Victorious che ha chiuso al quinto posto.\n            <\/p>\n<p><strong>Isaac Del Toro, da parte sua, ha messo il sigillo sul Giro di Germania<\/strong>: per il messicano si tratta del 32esimo successo da professionista.\n            <\/p>\n<p><strong>LA CORSA.<\/strong> Ad alimentare la fuga di giornata sono stati Ian Kings (Visma Lease a Bike Devo), Miguel Heidemann (Rembe RadNet) e Ben Felix Jochum (Team Lotto Kern-Haus Outlet Montabaur). La loro azione \u00e8 stata annullata a 15 km dalla conclusione, poi ci ha provato Louis Barre della Visma Lease a Bike e quindi poco dopo \u00e8 arrivato l\u2019affondo di Isaac Del Toro che sullo J\u00e4gerhaus ha staccato tutti gli avversari. L&#8217;azione del messicano si \u00e8 esaurita in prossimit\u00e0 del traguardo, poi ci ha provato l&#8217;altro messicano Cadena e quindi \u00e8 stata volata&#8230;<\/p>\n<p><strong>ORDINE\u2008D\u2019ARRIVO<\/strong><\/p>\n<p>1. Magnier Paul (Soudal Quick-Step) in 3:37:39<br \/>2. van Poppel Danny(Red Bull-BORA-hansgrohe)<br \/>3. Teutenberg Tim Torn (Lidl-Trek)<br \/>4. Del Grosso Tibor (Alpecin-Premier Tech)<br \/>5. Zambanini Edoardo (Bahrain Victorious)<br \/>6. Tesfazion Natnael (Movistar Team )<br \/>7. Venturini Cl\u00e9ment (Unibet Rose Rockets)<br \/>8. Thomas Benjamin (Cofidis)<br \/>9. Jousseaume Alan (Team TotalEnergies)<br \/>10. Graat Tijmen (Team Visma | Lease a Bike)<\/p>\n<p><strong>CLASSIFICA\u2008FINALE<\/strong><\/p>\n<p>1. del Toro Isaac (UAE Team Emirates-XRG) in 17:39:48<br \/>2. Barr\u00e9 Louis (Team Visma | Lease a Bike)\u2008+ 53<br \/>3. Hirschi Marc (Tudor Pro Cycling Team) + 01:08<br \/>4. Raccagni Noviero Andrea (Soudal Quick-Step) + 01:24<br \/>5. Vacek Mathias (Lidl-Trek) + 01:25<br \/>6. Tesfazion Natnael (Movistar Team) + 01:25<br \/>7. Sorarrain Gorka (Caja Rural-Seguros RGA) + 01:26<br \/>8. Oldani Stefano (Caja Rural-Seguros RGA) + 01:28<br \/>9. Schachmann Max (Soudal Quick-Step) + 01:28<br \/>10. Cadena Edgar (Team Storck &#8211; MRW Bau) + 01:33<\/p>\n<p>\n    <a href=\"https:\/\/www.tuttobiciweb.it\/article\/2026\/08\/23\/1787492802\/deutschland-tour-2026-paul-magnier-isaac-del-toro-soudal-quick-step?lang=en\" rel=\"nofollow noopener\" target=\"_blank\"><img decoding=\"async\" src=\"https:\/\/www.europesays.com\/it\/wp-content\/uploads\/2025\/12\/enver.png\"\/><\/a><\/p>\n<p>Copyright &amp;copy TBW<\/p>\n","protected":false},"excerpt":{"rendered":"PROFESSIONISTI | 23\/08\/2026 | 16:15 di Paolo Broggi Paul Magnier mette la firma sulla\u00a0quarta e ultima tappa del\u00a0Lidl&hellip;\n","protected":false},"author":3,"featured_media":646484,"comment_status":"","ping_status":"","sticky":false,"template":"","format":"standard","meta":{"footnotes":"","_share_on_mastodon":"0"},"categories":[1456],"tags":[1824,1825,356777,10943,1537,90,89,32109,23533,245,244],"class_list":["post-646483","post","type-post","status-publish","format-standard","has-post-thumbnail","category-ciclismo","tag-ciclismo","tag-cycling","tag-deutschland-tour-2026","tag-isaac-del-toro","tag-it","tag-italia","tag-italy","tag-paul-magnier","tag-soudal-quick-step","tag-sport","tag-sports"],"share_on_mastodon":{"url":"https:\/\/pubeurope.com\/@it\/117147938245248323","error":""},"_links":{"self":[{"href":"https:\/\/www.europesays.com\/it\/wp-json\/wp\/v2\/posts\/646483","targetHints":{"allow":["GET"]}}],"collection":[{"href":"https:\/\/www.europesays.com\/it\/wp-json\/wp\/v2\/posts"}],"about":[{"href":"https:\/\/www.europesays.com\/it\/wp-json\/wp\/v2\/types\/post"}],"author":[{"embeddable":true,"href":"https:\/\/www.europesays.com\/it\/wp-json\/wp\/v2\/users\/3"}],"replies":[{"embeddable":true,"href":"https:\/\/www.europesays.com\/it\/wp-json\/wp\/v2\/comments?post=646483"}],"version-history":[{"count":0,"href":"https:\/\/www.europesays.com\/it\/wp-json\/wp\/v2\/posts\/646483\/revisions"}],"wp:featuredmedia":[{"embeddable":true,"href":"https:\/\/www.europesays.com\/it\/wp-json\/wp\/v2\/media\/646484"}],"wp:attachment":[{"href":"https:\/\/www.europesays.com\/it\/wp-json\/wp\/v2\/media?parent=646483"}],"wp:term":[{"taxonomy":"category","embeddable":true,"href":"https:\/\/www.europesays.com\/it\/wp-json\/wp\/v2\/categories?post=646483"},{"taxonomy":"post_tag","embeddable":true,"href":"https:\/\/www.europesays.com\/it\/wp-json\/wp\/v2\/tags?post=646483"}],"curies":[{"name":"wp","href":"https:\/\/api.w.org\/{rel}","templated":true}]}}