{"id":646507,"date":"2026-08-24T02:11:19","date_gmt":"2026-08-24T02:11:19","guid":{"rendered":"https:\/\/www.europesays.com\/it\/646507\/"},"modified":"2026-08-24T02:11:19","modified_gmt":"2026-08-24T02:11:19","slug":"francesca-inaudi-e-il-suo-nicchio-anche-se-vivo-lontano-lamore-non-cambia-lintervista","status":"publish","type":"post","link":"https:\/\/www.europesays.com\/it\/646507\/","title":{"rendered":"Francesca Inaudi e il suo Nicchio: &#8220;Anche se vivo lontano, l&#8217;amore non cambia&#8221; &#8211; L&#8217;intervista"},"content":{"rendered":"<p>            <a href=\"https:\/\/i0.wp.com\/www.gazzettadisiena.it\/wp-content\/uploads\/2026\/08\/image0-1.jpeg?fit=959%2C764&amp;ssl=1\" data-caption=\"\" rel=\"nofollow noopener\" target=\"_blank\"><img loading=\"lazy\" decoding=\"async\" width=\"696\" height=\"554\" class=\"entry-thumb td-modal-image\" src=\"https:\/\/www.europesays.com\/it\/wp-content\/uploads\/2026\/08\/image0-1.jpeg\"   alt=\"francesca inaudi\" title=\"francesca inaudi\"\/><\/a><\/p>\n<p>L\u2019attrice senese Francesca Inaudi racconta la vittoria del Nicchio: \u201cI giorni di Palio? Una festa che sta ancora continuando\u201d<\/p>\n<p class=\"wp-block-paragraph\">Francesca Inaudi, attrice senese amatissima dal grande pubblico per le sue interpretazioni in serie tv come (tra le altre) Distretto di Polizia, Tutti pazzi per amore, Una pallottola nel cuore, ma anche film come Femmine contro maschi, La bestia nel cuore o L\u2019ordine del tempo. Una filmografia ampia e nutrita per un\u2019attrice amata dal pubblico italiano. Ma prima di tutto questo, prima della tv e del cinema, Francesca Inaudi \u00e8 soprattutto una contradaiola del Nicchio. Ed ha appena vinto il Palio, godendosi ogni minuto e studiando piccoli \u201cstratagemmi\u201d per viversi la vittoria anche a distanza.<\/p>\n<p class=\"wp-block-paragraph\"><strong>Una vittoria da favola. Lei \u00e8 riuscita ad essere a Siena per i quattro giorni di Palio?<\/strong><\/p>\n<p class=\"wp-block-paragraph\">S\u00ec, ovviamente quando posso e quando non lavoro vengo sempre a Siena, sono stata qui durante tutti i giorni di Palio. Essendo una persona molto riservata, lo tengo per me ed evito di annunciarlo o farlo sapere. A volte mi fa sorridere quando escono notizie che raccontano il mio arrivo il giorno del Palio, quando magari ero qui gi\u00e0 da molto prima. Pu\u00f2 capitare che per via del lavoro non riesca ad esserci da subito, ma di solito, specialmente ad agosto, riesco a vivermi tutto. <\/p>\n<p class=\"wp-block-paragraph\"><strong>Nel Nicchio come sono stati vissuti?<\/strong><\/p>\n<p class=\"wp-block-paragraph\">Vissuti in attesa! Diciamo che abbiamo fatto un po\u2019 pi\u00f9 di festa: eravamo belli carichi. S\u00ec, \u00e8 stata una festa e continua ad essere una festa bellissima. <\/p>\n<p class=\"wp-block-paragraph\"><strong>Lavoro permettendo, riuscir\u00e0 a godersi i festeggiamenti?<\/strong><\/p>\n<p class=\"wp-block-paragraph\">Mi sono fatta i primi cenini, torner\u00f2 questo weekend- se riesco \u2013 e sicuramente ci sar\u00f2 per il corteo. Il mio bimbo non era a Siena per il Palio e vorrei portarlo: non \u00e8 facile raccontare e far capire le nostre tradizioni e usanze, non vivendo a Siena. Quindi vorrei che le sentisse in prima persona. Ovviamente poi ci sar\u00f2 per la cena della vittoria. <\/p>\n<p class=\"wp-block-paragraph\"><strong>Abbiamo visto spuntare una bandiera del Nicchio nella capitale\u2026<\/strong><\/p>\n<p class=\"wp-block-paragraph\">S\u00ec! Quella che mi \u00e8 permessa a Roma, ovvero la bandierina di mio figlio. L\u2019ho messa fuori dal balcone\u2026 di qualcosa dovr\u00f2 pur godere! Cerco di vivermi la vittoria anche da qui. Con le mie amiche del Nicchio faccio un gioco: ogni sera mando una foto vestita con il tema del cenino. Qualcosa mi devo inventare!<\/p>\n<p><img data-recalc-dims=\"1\" fetchpriority=\"high\" decoding=\"async\" width=\"696\" height=\"1133\" src=\"https:\/\/www.europesays.com\/it\/wp-content\/uploads\/2026\/08\/1787537479_409_WhatsApp-Image-2026-08-23-at-15.58.26.jpeg\" alt=\"francesca inaudi\" class=\"wp-image-317515\"  \/><\/p>\n<p class=\"wp-block-paragraph\"><strong>Il pubblico che la segue, i colleghi\u2026 Come racconta le sue origini e come vive i commenti?<\/strong><\/p>\n<p class=\"wp-block-paragraph\">Io non posto mai cos\u2019\u00e8 personali e mai ho postato qualcosa a tema Palio, prima di adesso. C\u2019\u00e8 da dire che io sono molto pratica: quando qualcosa entra nel mio spazio e d\u00e0 fastidio, io blocco e cancello. Non c\u2019\u00e8 necessit\u00e0 di replica, il Palio \u00e8 quello che \u00e8. Il grande male dei nostri tempi \u00e8 quello di criticare ci\u00f2 che non si conosce o che si conosce solo marginalmente. Vale per tutto. \u00c8 come se Einstain per confutare le sue tesi non avesse studiato. Per me la spiegazione inutile: \u00e8 il mio spazio, \u00e8 casa mia. Io cerco di trasmettere ci\u00f2 che sono le emozioni, magari. Ma la realt\u00e0 \u00e8 che chi non \u00e8 mai venuto a Siena non pu\u00f2 neanche provare a comprendere. E non Parlo del giorno del Palio, ma della nostra quotidianit\u00e0, della vita di contrada. <\/p>\n<p class=\"wp-block-paragraph\"><strong>Nel cuore Siena e il Nicchio. Come vive la sua vita contradaiola a distanza?<\/strong><\/p>\n<p class=\"wp-block-paragraph\">Ho amicizie che vivo da pi\u00f9 di 30 anni. Molti quando torno mi danno la medaglia da quattrogiornista e me la prendo tutta, perch\u00e9 almeno quei quattro giorni non li ho mai mancati. Fin quando ho potuto ho vissuto la contrada come tutti, facendo servizio, vivendola ogni giorno. Poi ho preso una strada nella vita che mi ha portata lontana, ma il cuore resta. Il mio amore per il Nicchio non cambia, cos\u00ec come non cambia il legame con quelle persone con cui lo condivido. <\/p>\n","protected":false},"excerpt":{"rendered":"L\u2019attrice senese Francesca Inaudi racconta la vittoria del Nicchio: \u201cI giorni di Palio? Una festa che sta ancora&hellip;\n","protected":false},"author":3,"featured_media":646508,"comment_status":"","ping_status":"","sticky":false,"template":"","format":"standard","meta":{"footnotes":"","_share_on_mastodon":"0"},"categories":[1451],"tags":[1621,1620,203,204,1537,90,89,11909],"class_list":["post-646507","post","type-post","status-publish","format-standard","has-post-thumbnail","category-celebrita","tag-celebrita","tag-celebrities","tag-entertainment","tag-intrattenimento","tag-it","tag-italia","tag-italy","tag-siena"],"share_on_mastodon":{"url":"https:\/\/pubeurope.com\/@it\/117148063978301756","error":""},"_links":{"self":[{"href":"https:\/\/www.europesays.com\/it\/wp-json\/wp\/v2\/posts\/646507","targetHints":{"allow":["GET"]}}],"collection":[{"href":"https:\/\/www.europesays.com\/it\/wp-json\/wp\/v2\/posts"}],"about":[{"href":"https:\/\/www.europesays.com\/it\/wp-json\/wp\/v2\/types\/post"}],"author":[{"embeddable":true,"href":"https:\/\/www.europesays.com\/it\/wp-json\/wp\/v2\/users\/3"}],"replies":[{"embeddable":true,"href":"https:\/\/www.europesays.com\/it\/wp-json\/wp\/v2\/comments?post=646507"}],"version-history":[{"count":0,"href":"https:\/\/www.europesays.com\/it\/wp-json\/wp\/v2\/posts\/646507\/revisions"}],"wp:featuredmedia":[{"embeddable":true,"href":"https:\/\/www.europesays.com\/it\/wp-json\/wp\/v2\/media\/646508"}],"wp:attachment":[{"href":"https:\/\/www.europesays.com\/it\/wp-json\/wp\/v2\/media?parent=646507"}],"wp:term":[{"taxonomy":"category","embeddable":true,"href":"https:\/\/www.europesays.com\/it\/wp-json\/wp\/v2\/categories?post=646507"},{"taxonomy":"post_tag","embeddable":true,"href":"https:\/\/www.europesays.com\/it\/wp-json\/wp\/v2\/tags?post=646507"}],"curies":[{"name":"wp","href":"https:\/\/api.w.org\/{rel}","templated":true}]}}