{"id":646511,"date":"2026-08-24T02:18:29","date_gmt":"2026-08-24T02:18:29","guid":{"rendered":"https:\/\/www.europesays.com\/it\/646511\/"},"modified":"2026-08-24T02:18:29","modified_gmt":"2026-08-24T02:18:29","slug":"dodicenne-con-scoliosi-gravissima-a-torrette-intervento-mai-utilizzato-prima-su-un-paziente-cosi-piccolo-ecco-in-cosa-consiste","status":"publish","type":"post","link":"https:\/\/www.europesays.com\/it\/646511\/","title":{"rendered":"Dodicenne con scoliosi gravissima, a Torrette intervento mai utilizzato prima su un paziente cos\u00ec piccolo. Ecco in cosa consiste"},"content":{"rendered":"<p>ANCONA \u2013 Appena 12 anni e una deformit\u00e0 vertebrale cos\u00ec grave da rendere particolarmente complesso qualsiasi intervento tradizionale. Per questo, all\u2019Azienda Ospedaliero Universitaria delle Marche \u00e8 stata scelta una tecnica innovativa che, per la prima volta nella regione, \u00e8 stata utilizzata su un bambino cos\u00ec piccolo.<\/p>\n<p>L\u2019intervento sul ragazzino \u00e8 stato eseguito nei mesi scorsi dall\u2019equipe della Clinica Ortopedica dell\u2019Adulto e Pediatrica, diretta dal professor Antonio Pompilio Gigante. La procedura, denominata \u201cTecnica di correzione bipolare percutanea senza artrodesi\u201d, ha permesso di affrontare una forma gravissima di scoliosi attraverso un approccio mini-invasivo.<\/p>\n<p>A distanza di tempo, i risultati sono evidenti e le condizioni del giovane paziente, residente con la famiglia nelle Marche, sono migliorate.<\/p>\n<p>Una tecnica mai utilizzata prima su un bambino cos\u00ec piccolo <\/p>\n<p>La particolarit\u00e0 dell\u2019intervento \u00e8 legata proprio alla tecnica scelta, che non era mai stata utilizzata negli ospedali marchigiani su un paziente di questa et\u00e0. Lo strumentario, infatti, necessita di caratteristiche fisiche e di un peso corporeo adeguati.<\/p>\n<p>\u00abQuesta particolare procedura non era mai stata utilizzata negli ospedali della regione \u2013 spiega la dottoressa Monia Martiniani, responsabile dell\u2019Ambulatorio di Scoliosi e Deformit\u00e0 della Colonna Pediatrica e Adulti della Clinica di Ortopedia dell\u2019AOU delle Marche \u2013. Inizialmente i genitori del bambino si erano rivolti ad altre strutture sanitarie, poi hanno deciso di affidarsi alla nostra equipe\u00bb.<\/p>\n<p><img decoding=\"async\" alt=\"\" class=\"wnv-lazy\" src=\"https:\/\/www.europesays.com\/it\/wp-content\/uploads\/2026\/08\/equipe_22160809.jpg\"\/><\/p>\n<p>La colonna continua a crescere <\/p>\n<p>La metodica utilizzata, l\u2019osteosintesi bipolare senza artrodesi, \u00e8 una tecnica percutanea e mini-invasiva di grande rilevanza internazionale. Pu\u00f2 rappresentare una valida alternativa soprattutto nei pazienti pi\u00f9 gravi e fragili, per i quali un intervento tradizionale di correzione e fusione vertebrale potrebbe risultare particolarmente rischioso.<\/p>\n<p>Il sistema prevede due barre dotate di un meccanismo auto-allungante. Attraverso un connettore a cremagliera, le barre possono allungarsi progressivamente sfruttando la crescita naturale del bambino e i movimenti spontanei, anche grazie alla fisioterapia.<\/p>\n<p>Un elemento particolarmente importante nei pazienti pi\u00f9 giovani, perch\u00e9 consente di evitare ripetuti interventi chirurgici per allungare le barre durante la crescita.<\/p>\n<p>\u00abLa procedura mininvasiva e le incisioni chirurgiche molto ridotte garantiscono tempi chirurgici molto inferiori rispetto a un&#8217;artrodesi classica, con il vantaggio di ridurre le perdite ematiche, il rischio infettivo e i tempi anestesiologici\u00bb, sottolinea Martiniani.<\/p>\n<p>Un&#8217;equipe multidisciplinare in sala operatoria <\/p>\n<p>L&#8217;operazione ha richiesto diverse ore di lavoro e ha coinvolto un team multidisciplinare, chiamato ad affrontare le difficolt\u00e0 legate sia alla particolare gravit\u00e0 della deformit\u00e0 sia alla giovane et\u00e0 del paziente.<\/p>\n<p>L&#8217;intervento \u00e8 stato eseguito dalla dottoressa Monia Martiniani e dal dottor Leonard Meco, con l&#8217;assistenza anestesiologica della dottoressa Federica Barsotti, dell\u2019Anestesia e Rianimazione Pediatrica diretta dal dottor Alessandro Simonini.<\/p>\n<p>Fondamentale anche il contributo dell&#8217;equipe infermieristica del Blocco Operatorio del presidio Salesi, coordinata dalla dottoressa Ilaria Franconi.<\/p>\n<p>L&#8217;esperienza maturata a Parigi <\/p>\n<p>Dietro l&#8217;introduzione della nuova procedura nelle Marche c&#8217;\u00e8 anche un percorso di formazione e confronto internazionale.<\/p>\n<p>\u00abNel 2023 abbiamo visitato l\u2019ospedale pediatrico Necker di Parigi, dove il dottor L. Miladi utilizza la tecnica di osteosintesi \u201cBipolare\u201d senza artrodesi da diversi anni\u00bb, racconta Martiniani.<\/p>\n<p>Quell&#8217;esperienza ha rappresentato un passaggio importante per portare anche nelle Marche una procedura pensata soprattutto per i bambini pi\u00f9 fragili, nei quali la chirurgia vertebrale tradizionale potrebbe comportare rischi elevati.<\/p>\n<p>Meno interventi e una ripresa pi\u00f9 rapida <\/p>\n<p>La tecnica consente di ottenere una correzione importante della deformit\u00e0, compresa quella del bacino, con tempi chirurgici pi\u00f9 contenuti. Tra i potenziali vantaggi vengono indicati minori perdite ematiche, un ridotto ricorso alle emotrasfusioni, una mobilizzazione pi\u00f9 rapida e un minore ricorso agli analgesici, oltre a una riduzione delle complicanze.<\/p>\n<p>Il trattamento delle scoliosi pi\u00f9 gravi resta comunque una delle sfide pi\u00f9 complesse per la chirurgia vertebrale pediatrica e richiede esperienza altamente specializzata.<\/p>\n","protected":false},"excerpt":{"rendered":"ANCONA \u2013 Appena 12 anni e una deformit\u00e0 vertebrale cos\u00ec grave da rendere particolarmente complesso qualsiasi intervento tradizionale.&hellip;\n","protected":false},"author":3,"featured_media":646512,"comment_status":"","ping_status":"","sticky":false,"template":"","format":"standard","meta":{"footnotes":"","_share_on_mastodon":"0"},"categories":[175],"tags":[239,10222,1537,90,89,2993,240,193984],"class_list":["post-646511","post","type-post","status-publish","format-standard","has-post-thumbnail","category-salute","tag-health","tag-intervento-chirurgico","tag-it","tag-italia","tag-italy","tag-marche","tag-salute","tag-scoliosi"],"share_on_mastodon":{"url":"https:\/\/pubeurope.com\/@it\/117148092056200125","error":""},"_links":{"self":[{"href":"https:\/\/www.europesays.com\/it\/wp-json\/wp\/v2\/posts\/646511","targetHints":{"allow":["GET"]}}],"collection":[{"href":"https:\/\/www.europesays.com\/it\/wp-json\/wp\/v2\/posts"}],"about":[{"href":"https:\/\/www.europesays.com\/it\/wp-json\/wp\/v2\/types\/post"}],"author":[{"embeddable":true,"href":"https:\/\/www.europesays.com\/it\/wp-json\/wp\/v2\/users\/3"}],"replies":[{"embeddable":true,"href":"https:\/\/www.europesays.com\/it\/wp-json\/wp\/v2\/comments?post=646511"}],"version-history":[{"count":0,"href":"https:\/\/www.europesays.com\/it\/wp-json\/wp\/v2\/posts\/646511\/revisions"}],"wp:featuredmedia":[{"embeddable":true,"href":"https:\/\/www.europesays.com\/it\/wp-json\/wp\/v2\/media\/646512"}],"wp:attachment":[{"href":"https:\/\/www.europesays.com\/it\/wp-json\/wp\/v2\/media?parent=646511"}],"wp:term":[{"taxonomy":"category","embeddable":true,"href":"https:\/\/www.europesays.com\/it\/wp-json\/wp\/v2\/categories?post=646511"},{"taxonomy":"post_tag","embeddable":true,"href":"https:\/\/www.europesays.com\/it\/wp-json\/wp\/v2\/tags?post=646511"}],"curies":[{"name":"wp","href":"https:\/\/api.w.org\/{rel}","templated":true}]}}