{"id":646587,"date":"2026-08-24T04:07:17","date_gmt":"2026-08-24T04:07:17","guid":{"rendered":"https:\/\/www.europesays.com\/it\/646587\/"},"modified":"2026-08-24T04:07:17","modified_gmt":"2026-08-24T04:07:17","slug":"scoliosi-quando-la-schiena-cambia-senza-fare-male","status":"publish","type":"post","link":"https:\/\/www.europesays.com\/it\/646587\/","title":{"rendered":"Scoliosi, quando la schiena cambia senza fare male"},"content":{"rendered":"<p><strong>Una scoliosi<\/strong> cos\u00ec grave da richiedere un <strong>intervento chirurgico complesso<\/strong>. \u00c8 il caso di un <strong>ragazzo di 12 anni<\/strong> operato all\u2019<strong>Azienda Ospedaliero Universitaria delle Marche<\/strong>, a Torrette di Ancona, dall\u2019\u00e9quipe della Clinica Ortopedica dell\u2019Adulto e Pediatrica.<\/p>\n<p>Per correggere la deformit\u00e0 \u00e8 stata utilizzata una <strong>tecnica di correzione bipolare percutanea senza artrodesi<\/strong>, impiegata per la prima volta nelle Marche in un bambino cos\u00ec giovane.<\/p>\n<p>La procedura \u00e8 <strong>mini-invasiva<\/strong> e utilizza un sistema di <strong>barre<\/strong> capace di accompagnare progressivamente la crescita del bambino, con l\u2019obiettivo di controllare la deformit\u00e0 evitando una <strong>fusione vertebrale precoce<\/strong> e riducendo la necessit\u00e0 di <strong>ripetuti interventi di allungamento<\/strong>.<\/p>\n<p>L\u2019intervento, eseguito nei mesi scorsi, \u00e8 durato diverse ore. A distanza di tempo, secondo quanto riferito dall\u2019ospedale, i benefici sul giovane paziente sono evidenti.<\/p>\n<p>Il caso di Ancona pone per\u00f2 una domanda che interessa molte famiglie: come pu\u00f2 una scoliosi diventare importante senza essere riconosciuta prima?<\/p>\n<p><strong>Non \u00e8 semplicemente una cattiva postura<\/strong><\/p>\n<p>La <strong>scoliosi<\/strong> \u00e8 una deformit\u00e0 tridimensionale della colonna vertebrale. La schiena non presenta soltanto una curvatura laterale: contemporaneamente le vertebre ruotano e cambia la geometria del tronco.<\/p>\n<p>\u00c8 proprio questa rotazione a produrre alcuni dei segnali pi\u00f9 caratteristici.<\/p>\n<p>Una spalla pu\u00f2 apparire pi\u00f9 alta dell\u2019altra, una scapola pi\u00f9 sporgente, la vita o i fianchi possono risultare asimmetrici. Quando il ragazzo si piega in avanti pu\u00f2 inoltre diventare evidente il cosiddetto <strong>gibbo<\/strong>, una prominenza su un lato del dorso.<\/p>\n<p>C\u2019\u00e8 poi un elemento che pu\u00f2 ritardare la diagnosi: nelle forme giovanili, soprattutto all\u2019inizio, la scoliosi spesso non provoca <strong>dolore<\/strong>.<\/p>\n<p><strong>Il momento pi\u00f9 delicato \u00e8 la crescita<\/strong><\/p>\n<p>La forma pi\u00f9 comune tra i ragazzi \u00e8 la <strong>scoliosi idiopatica adolescenziale<\/strong>, che compare generalmente tra i 10 e i 18 anni. \u201cIdiopatica\u201d significa che non \u00e8 possibile individuare una singola causa. Esiste una componente genetica, ma i meccanismi alla base della malattia sono complessi.<\/p>\n<p>Esistono anche <strong>scoliosi congenite<\/strong>, dovute ad anomalie dello sviluppo delle vertebre, e forme associate a malattie neurologiche o muscolari. Nell\u2019adulto possono invece comparire <strong>scoliosi degenerative<\/strong> legate all\u2019invecchiamento della colonna.<\/p>\n<p>Uno dei periodi da osservare con maggiore attenzione \u00e8 lo <strong>scatto di crescita<\/strong>: \u00e8 proprio mentre lo scheletro si sviluppa rapidamente che alcune curve hanno maggiore probabilit\u00e0 di progredire.<\/p>\n<p><strong>Come si misura la scoliosi?<\/strong><\/p>\n<p>Uno dei principali parametri utilizzati dagli specialisti \u00e8 l\u2019<strong>angolo di Cobb<\/strong>, misurato sulla radiografia. Una curvatura superiore a <strong>10 gradi<\/strong> rientra nella definizione radiografica di scoliosi.<\/p>\n<p>Il numero, per\u00f2, non basta da solo a stabilire la terapia. Contano l\u2019et\u00e0, la maturit\u00e0 dello scheletro, il tipo di curva e soprattutto il rischio che continui ad aumentare.<\/p>\n<p>Nelle forme pi\u00f9 contenute pu\u00f2 essere sufficiente il controllo nel tempo. Quando il ragazzo sta ancora crescendo e la curva supera indicativamente i <strong>25 gradi<\/strong>, in determinati casi pu\u00f2 essere prescritto un <strong>corsetto ortopedico<\/strong>. Il suo obiettivo principale \u00e8 contrastare la progressione della deformit\u00e0 durante la crescita.<\/p>\n<p><strong>Quando pu\u00f2 servire la chirurgia?<\/strong><\/p>\n<p>Per curve che raggiungono generalmente i <strong>45-50 gradi<\/strong>, soprattutto se esiste un elevato rischio di ulteriore progressione, pu\u00f2 essere presa in considerazione la <strong>chirurgia<\/strong>. Non si tratta per\u00f2 di una soglia automatica: la decisione deve essere individualizzata.<\/p>\n<p>Nelle scoliosi molto severe la deformazione pu\u00f2 modificare anche la <strong>gabbia toracica<\/strong> e, nei casi pi\u00f9 importanti, interferire con la <strong>funzione respiratoria<\/strong>.<\/p>\n<p>Per questo una spalla pi\u00f9 alta, una scapola che sporge o un\u2019asimmetria evidente quando un bambino si piega in avanti non devono creare allarmismo, ma meritano una valutazione.<\/p>\n<p>Perch\u00e9 la scoliosi pu\u00f2 crescere insieme a un ragazzo senza fare rumore. E riconoscerla mentre lo scheletro \u00e8 ancora in crescita pu\u00f2 cambiare il percorso di cura.<\/p>\n<p><img loading=\"lazy\" decoding=\"async\" src=\"https:\/\/www.europesays.com\/it\/wp-content\/uploads\/2026\/08\/ChatGPT_Image_23_ago_2026,_17_45_38-1787500080938.webp\" alt=\"\" width=\"1024\" height=\"1536\" caption=\"false\"\/><\/p>\n<p><strong>Fonti<\/strong><\/p>\n<p><strong>Azienda Ospedaliero Universitaria delle Marche<\/strong> \u2013 comunicazione sul caso trattato a Torrette, agosto 2026<\/p>\n<p><strong>Scoliosis Research Society (SRS)<\/strong> \u2013 Adolescent Idiopathic Scoliosis<\/p>\n<p><strong>Scoliosis Research Society (SRS)<\/strong> \u2013 Bracing<\/p>\n<p><strong>Scoliosis Research Society (SRS)<\/strong> \u2013 Surgery<\/p>\n<p><strong>American Academy of Orthopaedic Surgeons (AAOS)<\/strong> \u2013 Idiopathic Scoliosis in Children and Adolescents<\/p>\n","protected":false},"excerpt":{"rendered":"Una scoliosi cos\u00ec grave da richiedere un intervento chirurgico complesso. \u00c8 il caso di un ragazzo di 12&hellip;\n","protected":false},"author":3,"featured_media":646588,"comment_status":"","ping_status":"","sticky":false,"template":"","format":"standard","meta":{"footnotes":"","_share_on_mastodon":"0"},"categories":[175],"tags":[356873,4157,356871,356867,356869,239,1537,90,89,2993,240,193984,356870,356872,356868],"class_list":["post-646587","post","type-post","status-publish","format-standard","has-post-thumbnail","category-salute","tag-american-academy-of-orthopaedic-surgeons-aaos","tag-ancona","tag-angolo-cobb","tag-azienda-ospedaliero-universitaria-delle-marche","tag-clinica-ortopedica-delladulto-e-pediatrica","tag-health","tag-it","tag-italia","tag-italy","tag-marche","tag-salute","tag-scoliosi","tag-scoliosi-idiopatica-adolescenziale","tag-scoliosis-research-society-srs","tag-torrette-di-ancona"],"share_on_mastodon":{"url":"https:\/\/pubeurope.com\/@it\/117148520238433165","error":""},"_links":{"self":[{"href":"https:\/\/www.europesays.com\/it\/wp-json\/wp\/v2\/posts\/646587","targetHints":{"allow":["GET"]}}],"collection":[{"href":"https:\/\/www.europesays.com\/it\/wp-json\/wp\/v2\/posts"}],"about":[{"href":"https:\/\/www.europesays.com\/it\/wp-json\/wp\/v2\/types\/post"}],"author":[{"embeddable":true,"href":"https:\/\/www.europesays.com\/it\/wp-json\/wp\/v2\/users\/3"}],"replies":[{"embeddable":true,"href":"https:\/\/www.europesays.com\/it\/wp-json\/wp\/v2\/comments?post=646587"}],"version-history":[{"count":0,"href":"https:\/\/www.europesays.com\/it\/wp-json\/wp\/v2\/posts\/646587\/revisions"}],"wp:featuredmedia":[{"embeddable":true,"href":"https:\/\/www.europesays.com\/it\/wp-json\/wp\/v2\/media\/646588"}],"wp:attachment":[{"href":"https:\/\/www.europesays.com\/it\/wp-json\/wp\/v2\/media?parent=646587"}],"wp:term":[{"taxonomy":"category","embeddable":true,"href":"https:\/\/www.europesays.com\/it\/wp-json\/wp\/v2\/categories?post=646587"},{"taxonomy":"post_tag","embeddable":true,"href":"https:\/\/www.europesays.com\/it\/wp-json\/wp\/v2\/tags?post=646587"}],"curies":[{"name":"wp","href":"https:\/\/api.w.org\/{rel}","templated":true}]}}