{"id":646617,"date":"2026-08-24T04:40:20","date_gmt":"2026-08-24T04:40:20","guid":{"rendered":"https:\/\/www.europesays.com\/it\/646617\/"},"modified":"2026-08-24T04:40:20","modified_gmt":"2026-08-24T04:40:20","slug":"torino-milan-sky-dazn-o-now-dove-vederla-in-streaming-e-in-tv","status":"publish","type":"post","link":"https:\/\/www.europesays.com\/it\/646617\/","title":{"rendered":"Torino-Milan, Sky, Dazn o NOW? Dove vederla in streaming e in tv"},"content":{"rendered":"<p>                                Fischio d&#8217;inizio domenica alle ore 20.45 all&#8217;Olimpico Grande Torino. Direzione di gara affidata all&#8217;arbitro Zufferli della sezione di Udine<\/p>\n<p>                    23 agosto &#8211; 16:09  &#8211; MILANO<\/p>\n<p class=\"paragraph\" spellcheck=\"true\">Torino-Milan \u00e8 uno dei posticipi della domenica sera validi per la prima giornata di campionato. Appuntamento allo stadio Olimpico Grande Torino di Torino alle ore 20.45. La gara sar\u00e0 diretta da Luca\u00a0Zufferli della sezione di Udine. Assistenti Bercigli e Zingarelli. Quarto uomo Massa. Al Var Mazzoleni, assistente Var Santoro.<\/p>\n<p>        come ci arriva il torino\u2014 \u00a0<\/p>\n<p class=\"paragraph\" spellcheck=\"true\">Il debutto di Abate in campionato sulla panchina del Torino \u00e8 contro la parte pi\u00f9 importante del suo passato, lui che al Milan ci ha giocato, vinto e allenato. Il neo tecnico granata intende partire col piede giusto davanti al pubblico amico e sulla spinta delle fresca qualificazione al turno successivo di Coppa Italia.<\/p>\n<p>        come ci arriva il milan\u2014 \u00a0<\/p>\n<p class=\"paragraph\" spellcheck=\"true\">Per fortuna c&#8217;\u00e8 stata quell&#8217;ultima amichevole con lo United, verrebbe da dire. S\u00ec perch\u00e9 quelle precedenti non \u00e8 che avessero esattamente entusiasmato. Contro i rossi di Carrick, invece, il Milan ha sfoggiato una prestazione entusiasmante, anche se pur sempre nell&#8217;ambito degli eccessi &#8211; nel bene e nel male &#8211; del calcio di agosto. Alta comunque la curiosit\u00e0 di capire la trazione offensiva che Amorim riuscir\u00e0 a dare nelle gare ufficiali. I quattro &#8220;epurati&#8221; e destinati alla partenza &#8211; Tomori, Fofana, Nkunku, Gimenez &#8211; non verranno convocati.<\/p>\n<p><a class=\"is-partner-link\" href=\"https:\/\/ad.doubleclick.net\/ddm\/trackclk\/N1792338.340088CAIRORCSMEDIAS.P.\/B28038690.452531709;dc_trk_aid=646241311;dc_trk_cid=173665161;dc_lat=;dc_rdid=;tag_for_child_directed_treatment=;tfua=;gdpr=%24%7BGDPR%7D;gdpr_consent=%24%7BGDPR_CONSENT_755%7D;ltd=;dc_tdv=1\" rel=\"nofollow noopener\" target=\"_blank\">Guarda tutte le partite di Serie A Enilive in esclusiva nei locali Sky! Trova il locale pi\u00f9 vicino a te.<\/a><\/p>\n<p>        dove vederla\u2014 \u00a0<\/p>\n<p class=\"paragraph\" spellcheck=\"true\">La partita sar\u00e0 trasmessa su Dazn, Sky Sport Uno, Sky Sport Calcio e NOW, anche in streaming. Diretta testuale su Gazzetta.it.<\/p>\n<p class=\"is-above-copyright is-mr-r-10\" spellcheck=\"true\">La Gazzetta dello Sport<\/p>\n<p class=\"is-copyright\">\u00a9 RIPRODUZIONE RISERVATA<\/p>\n","protected":false},"excerpt":{"rendered":"Fischio d&#8217;inizio domenica alle ore 20.45 all&#8217;Olimpico Grande Torino. Direzione di gara affidata all&#8217;arbitro Zufferli della sezione di&hellip;\n","protected":false},"author":3,"featured_media":646618,"comment_status":"","ping_status":"","sticky":false,"template":"","format":"standard","meta":{"footnotes":"","_share_on_mastodon":"0"},"categories":[6],"tags":[2478,721,1856,14,246,5631,1112,629,8,1537,90,89,553,7,15,82,9,83,10,6242,20400,356906,32843,356907,270,6245,245,13,1641,11,80,84,12,81,85],"class_list":["post-646617","post","type-post","status-publish","format-standard","has-post-thumbnail","category-ultime-notizie","tag-arriva","tag-calcio","tag-campionato","tag-cronaca","tag-dazn","tag-diretta","tag-domenica","tag-gara","tag-headlines","tag-it","tag-italia","tag-italy","tag-milan","tag-news","tag-notizie","tag-notizie-di-cronaca","tag-notizie-principali","tag-notiziedicronaca","tag-notizieprincipali","tag-now","tag-olimpico","tag-olimpico-torino","tag-sezione","tag-sezione-udine","tag-sky","tag-sky-sport","tag-sport","tag-titoli","tag-torino","tag-ultime-notizie","tag-ultime-notizie-di-cronaca","tag-ultime-notizie-e-news-di-oggi","tag-ultimenotizie","tag-ultimenotiziedicronaca","tag-ultimenotizieenewsdioggi"],"share_on_mastodon":{"url":"","error":"Validation failed: Text character limit of 500 exceeded"},"_links":{"self":[{"href":"https:\/\/www.europesays.com\/it\/wp-json\/wp\/v2\/posts\/646617","targetHints":{"allow":["GET"]}}],"collection":[{"href":"https:\/\/www.europesays.com\/it\/wp-json\/wp\/v2\/posts"}],"about":[{"href":"https:\/\/www.europesays.com\/it\/wp-json\/wp\/v2\/types\/post"}],"author":[{"embeddable":true,"href":"https:\/\/www.europesays.com\/it\/wp-json\/wp\/v2\/users\/3"}],"replies":[{"embeddable":true,"href":"https:\/\/www.europesays.com\/it\/wp-json\/wp\/v2\/comments?post=646617"}],"version-history":[{"count":0,"href":"https:\/\/www.europesays.com\/it\/wp-json\/wp\/v2\/posts\/646617\/revisions"}],"wp:featuredmedia":[{"embeddable":true,"href":"https:\/\/www.europesays.com\/it\/wp-json\/wp\/v2\/media\/646618"}],"wp:attachment":[{"href":"https:\/\/www.europesays.com\/it\/wp-json\/wp\/v2\/media?parent=646617"}],"wp:term":[{"taxonomy":"category","embeddable":true,"href":"https:\/\/www.europesays.com\/it\/wp-json\/wp\/v2\/categories?post=646617"},{"taxonomy":"post_tag","embeddable":true,"href":"https:\/\/www.europesays.com\/it\/wp-json\/wp\/v2\/tags?post=646617"}],"curies":[{"name":"wp","href":"https:\/\/api.w.org\/{rel}","templated":true}]}}