{"id":646641,"date":"2026-08-24T05:16:25","date_gmt":"2026-08-24T05:16:25","guid":{"rendered":"https:\/\/www.europesays.com\/it\/646641\/"},"modified":"2026-08-24T05:16:25","modified_gmt":"2026-08-24T05:16:25","slug":"il-viaggio-e-finito-ma-la-nostra-missione-continua","status":"publish","type":"post","link":"https:\/\/www.europesays.com\/it\/646641\/","title":{"rendered":"Il viaggio \u00e8 finito, ma la nostra missione continua"},"content":{"rendered":"<p>&#8220;Le ruote si fermano, ma l\u2019emozione continua a correre&#8221;. \u00c8 la frase cha ha praticamente concluso il viaggio di <strong>\u2019Bike2Gether\u2019<\/strong>, un\u2019avventura composta di strada, sudore, sorrisi e tanto cuore. Protagonisti sono stati <strong>Attilio Benelli<\/strong> e <strong>Matteo Bigi<\/strong>, i due ciclisti reggiani impegnati nel viaggio tra la Bassa Reggiana e la Riviera del Conero, pedalando per oltre cinquecento chilometri a scopo benefico, per sensibilizzare i cittadini nella raccolta di fondi a favore della <strong>cooperativa sociale Il Bettolino<\/strong> di Reggiolo.<\/p>\n<p>Si tratta della raccolta di ventimila euro per finanziare un percorso educativo e di musicoterapia rivolto agli utenti della cooperativa sociale, oltre che per creare una futura band musicale proprio del Bettolino con acquisto di strumenti, amplificatori, microfoni e altro adeguato materiale per realizzare una sala prove permanente, creando arte musicale. Al capolinea, a Sirolo, i due ciclisti sono stati accolti dalle autorit\u00e0 locali, con un benvenuto molto caloroso. &#8220;Il viaggio in bicicletta sar\u00e0 anche finito, ma la nostra missione continua. La raccolta fondi per realizzare lo spazio musicale Sound Color \u00e8 ancora pienamente attiva. Non fermiamo questo entusiasmo: insieme possiamo fare tutto \u2013 dicono dal Bettolino \u2013 e insieme possiamo davvero provare a rendere il nostro mondo un posto migliore&#8221;.<\/p>\n<p>a.le.<\/p>\n","protected":false},"excerpt":{"rendered":"&#8220;Le ruote si fermano, ma l\u2019emozione continua a correre&#8221;. \u00c8 la frase cha ha praticamente concluso il viaggio&hellip;\n","protected":false},"author":3,"featured_media":646642,"comment_status":"","ping_status":"","sticky":false,"template":"","format":"standard","meta":{"footnotes":"","_share_on_mastodon":"0"},"categories":[1456],"tags":[1824,934,1825,5299,1537,90,89,1351,245,244,1652],"class_list":["post-646641","post","type-post","status-publish","format-standard","has-post-thumbnail","category-ciclismo","tag-ciclismo","tag-continua","tag-cycling","tag-finito","tag-it","tag-italia","tag-italy","tag-missione","tag-sport","tag-sports","tag-viaggio"],"share_on_mastodon":{"url":"https:\/\/pubeurope.com\/@it\/117148790668844611","error":""},"_links":{"self":[{"href":"https:\/\/www.europesays.com\/it\/wp-json\/wp\/v2\/posts\/646641","targetHints":{"allow":["GET"]}}],"collection":[{"href":"https:\/\/www.europesays.com\/it\/wp-json\/wp\/v2\/posts"}],"about":[{"href":"https:\/\/www.europesays.com\/it\/wp-json\/wp\/v2\/types\/post"}],"author":[{"embeddable":true,"href":"https:\/\/www.europesays.com\/it\/wp-json\/wp\/v2\/users\/3"}],"replies":[{"embeddable":true,"href":"https:\/\/www.europesays.com\/it\/wp-json\/wp\/v2\/comments?post=646641"}],"version-history":[{"count":0,"href":"https:\/\/www.europesays.com\/it\/wp-json\/wp\/v2\/posts\/646641\/revisions"}],"wp:featuredmedia":[{"embeddable":true,"href":"https:\/\/www.europesays.com\/it\/wp-json\/wp\/v2\/media\/646642"}],"wp:attachment":[{"href":"https:\/\/www.europesays.com\/it\/wp-json\/wp\/v2\/media?parent=646641"}],"wp:term":[{"taxonomy":"category","embeddable":true,"href":"https:\/\/www.europesays.com\/it\/wp-json\/wp\/v2\/categories?post=646641"},{"taxonomy":"post_tag","embeddable":true,"href":"https:\/\/www.europesays.com\/it\/wp-json\/wp\/v2\/tags?post=646641"}],"curies":[{"name":"wp","href":"https:\/\/api.w.org\/{rel}","templated":true}]}}