{"id":646763,"date":"2026-08-24T07:17:16","date_gmt":"2026-08-24T07:17:16","guid":{"rendered":"https:\/\/www.europesays.com\/it\/646763\/"},"modified":"2026-08-24T07:17:16","modified_gmt":"2026-08-24T07:17:16","slug":"oosterwolde-in-arrivo-alla-roma-trovato-laccordo-col-fenerbahce-sara-il-nuovo-esterno-giallorosso-cifre-e-dettagli-dellaffare","status":"publish","type":"post","link":"https:\/\/www.europesays.com\/it\/646763\/","title":{"rendered":"Oosterwolde in arrivo alla Roma, trovato l&#8217;accordo col Fenerbah\u00e7e: sar\u00e0 il nuovo esterno giallorosso, cifre e dettagli dell&#8217;affare"},"content":{"rendered":"<p>Mentre le prime squadre di Serie A scendevano in campo la <b><strong>Roma <\/strong><\/b>ha chiuso un colpo di mercato: secondo quanto riportato da Fabrizio Romano, i giallorossi hanno chiuso per l&#8217;arrivo di <b><strong>Jayden Oosterwolde<\/strong><\/b> dal <b><strong>Fenerbahce<\/strong><\/b>. Il difensore classe 2001 aveva gi\u00e0 dato apertura a un ritorno in Serie A dove era gi\u00e0 stato tra il gennaio 2022 e il gennaio 2023 giocando con la maglia del Parma, nei giorni scorsi \u00e8 stato trovato anche un accordo totale verbale con il giocatore e con il suo agente continuando a trattare con il club turco. In queste ore c&#8217;\u00e8 l&#8217;intesa totale anche tra societ\u00e0, e ora l&#8217;operazione \u00e8 arrivata ai dettagli finali.<\/p>\n","protected":false},"excerpt":{"rendered":"Mentre le prime squadre di Serie A scendevano in campo la Roma ha chiuso un colpo di mercato:&hellip;\n","protected":false},"author":3,"featured_media":646764,"comment_status":"","ping_status":"","sticky":false,"template":"","format":"standard","meta":{"footnotes":"","_share_on_mastodon":"0"},"categories":[176],"tags":[353,596,1537,90,89,356980,987,245,244,355],"class_list":["post-646763","post","type-post","status-publish","format-standard","has-post-thumbnail","category-sport","tag-calciomercato","tag-fenerbahce","tag-it","tag-italia","tag-italy","tag-j-oosterwolde","tag-roma","tag-sport","tag-sports","tag-transfers"],"share_on_mastodon":{"url":"https:\/\/pubeurope.com\/@it\/117149266484881241","error":""},"_links":{"self":[{"href":"https:\/\/www.europesays.com\/it\/wp-json\/wp\/v2\/posts\/646763","targetHints":{"allow":["GET"]}}],"collection":[{"href":"https:\/\/www.europesays.com\/it\/wp-json\/wp\/v2\/posts"}],"about":[{"href":"https:\/\/www.europesays.com\/it\/wp-json\/wp\/v2\/types\/post"}],"author":[{"embeddable":true,"href":"https:\/\/www.europesays.com\/it\/wp-json\/wp\/v2\/users\/3"}],"replies":[{"embeddable":true,"href":"https:\/\/www.europesays.com\/it\/wp-json\/wp\/v2\/comments?post=646763"}],"version-history":[{"count":0,"href":"https:\/\/www.europesays.com\/it\/wp-json\/wp\/v2\/posts\/646763\/revisions"}],"wp:featuredmedia":[{"embeddable":true,"href":"https:\/\/www.europesays.com\/it\/wp-json\/wp\/v2\/media\/646764"}],"wp:attachment":[{"href":"https:\/\/www.europesays.com\/it\/wp-json\/wp\/v2\/media?parent=646763"}],"wp:term":[{"taxonomy":"category","embeddable":true,"href":"https:\/\/www.europesays.com\/it\/wp-json\/wp\/v2\/categories?post=646763"},{"taxonomy":"post_tag","embeddable":true,"href":"https:\/\/www.europesays.com\/it\/wp-json\/wp\/v2\/tags?post=646763"}],"curies":[{"name":"wp","href":"https:\/\/api.w.org\/{rel}","templated":true}]}}