{"id":646904,"date":"2026-08-24T09:21:15","date_gmt":"2026-08-24T09:21:15","guid":{"rendered":"https:\/\/www.europesays.com\/it\/646904\/"},"modified":"2026-08-24T09:21:15","modified_gmt":"2026-08-24T09:21:15","slug":"eroica-di-monteroni-ferro-trionfa-alla-maniera-di-van-aert","status":"publish","type":"post","link":"https:\/\/www.europesays.com\/it\/646904\/","title":{"rendered":"EROICA DI MONTERONI. FERRO TRIONFA ALLA MANIERA DI VAN AERT"},"content":{"rendered":"<p>            <a class=\"category\" href=\"https:\/\/www.tuttobiciweb.it\/articles\/category\/ALLIEVI\" itemprop=\"about\" rel=\"nofollow noopener\" target=\"_blank\">ALLIEVI<\/a> | 24\/08\/2026 | 08:05<br \/>\n            <a class=\"author\" href=\"https:\/\/www.tuttobiciweb.it\/articles\/author\/Antonio%20Mannori\" rel=\"nofollow noopener\" target=\"_blank\">di Antonio Mannori<\/a><\/p>\n<p>Dopo tre secondi posti in quella che \u00e8 la sua prima stagione da allievo dopo un 2025 con 14 vittorie da esordiente del secondo anno, Luca Ferro della Bustese Olonia ha centrato il primo successo da allievo aggiudicandosi a Monteroni d\u2019Arbia in provincia di Siena l\u2019Eroica.\n            <\/p>\n<p>Vittoria di prestigio nell\u2019edizione 2026 di Sport Angels-Eroica- Memorial Doriano Fontirossi, una gara dove \u00e8 successo di tutto. Dura, selettiva, \u201csenza\u201d un metro di pianura, con impennate da mozzare il fiato e tratti sterrati, la gara senese ha promosso a pieni voti il quartetto che nel finale \u00e8 salito in cattedra guadagnando la testa della corsa e formato da Ferro, Pierangelini, Lodovisi e Gliottone.\n            <\/p>\n<p>Il poker si \u00e8 dato battaglia sulle ultime difficolt\u00e0 della corsa ma \u00e8 rimasto unito presentandosi a Monteroni d\u2019Arbia per la volata che ha visto prevalere Ferro su Pierangelini, Lodovisi e Gliottone, con un vantaggio di due minuti e mezzo sui primi inseguitori regolati per il quinto posto dall\u2019umbro Longari. Una corsa spettacolare, emozionante con 66 partenti e 35 arrivati. Un grazie a chi ha lavorato in corsa in condizioni non facili, la scorta tecnica del Gruppo Capannolose, la moto informazione di Sandro Manzi, tutti gli addetti ai lavori, Maraffon, Luman per la collaborazione prestata per le due gare, quella esordienti del mattino e questa di allievi.<\/p>\n<p><strong>ORDINE DI ARRIVO<\/strong><\/p>\n<p>1)Luca Ferro (Bustese Olonia) Km 84,670, in 2h21\u201950\u201d, media km 35,818; 2)Riccardo Pierangelini (S.C. Recanati Marinelli Cantarini); 3)Lorenzo Lodovisi (Team Valdinievole); 4)Giovanni Gliottone (Team Cesaro Neri Lucchini); 5)Vittorio Longari (U.C. Citt\u00e0 di Catsello) a 2\u201930\u201d; 6)Sdruccioli; 7)Caorsi; 8)Gashi; 9)Cocca; 10)Scottoni.<\/p>\n<p>\n    <a href=\"https:\/\/www.tuttobiciweb.it\/article\/2026\/08\/24\/1787511753\/cycling-juniors-eroica-luca-ferro-bustese-olonia?lang=en\" rel=\"nofollow noopener\" target=\"_blank\"><img decoding=\"async\" src=\"https:\/\/www.europesays.com\/it\/wp-content\/uploads\/2025\/12\/enver.png\"\/><\/a><\/p>\n<p>Copyright &amp;copy TBW<\/p>\n","protected":false},"excerpt":{"rendered":"ALLIEVI | 24\/08\/2026 | 08:05 di Antonio Mannori Dopo tre secondi posti in quella che \u00e8 la sua&hellip;\n","protected":false},"author":3,"featured_media":646905,"comment_status":"","ping_status":"","sticky":false,"template":"","format":"standard","meta":{"footnotes":"","_share_on_mastodon":"0"},"categories":[1456],"tags":[9636,110533,1824,1825,78660,1537,90,89,199998,245,244],"class_list":["post-646904","post","type-post","status-publish","format-standard","has-post-thumbnail","category-ciclismo","tag-allievi","tag-bustese-olonia","tag-ciclismo","tag-cycling","tag-eroica","tag-it","tag-italia","tag-italy","tag-luca-ferro","tag-sport","tag-sports"],"share_on_mastodon":{"url":"https:\/\/pubeurope.com\/@it\/117149754917124022","error":""},"_links":{"self":[{"href":"https:\/\/www.europesays.com\/it\/wp-json\/wp\/v2\/posts\/646904","targetHints":{"allow":["GET"]}}],"collection":[{"href":"https:\/\/www.europesays.com\/it\/wp-json\/wp\/v2\/posts"}],"about":[{"href":"https:\/\/www.europesays.com\/it\/wp-json\/wp\/v2\/types\/post"}],"author":[{"embeddable":true,"href":"https:\/\/www.europesays.com\/it\/wp-json\/wp\/v2\/users\/3"}],"replies":[{"embeddable":true,"href":"https:\/\/www.europesays.com\/it\/wp-json\/wp\/v2\/comments?post=646904"}],"version-history":[{"count":0,"href":"https:\/\/www.europesays.com\/it\/wp-json\/wp\/v2\/posts\/646904\/revisions"}],"wp:featuredmedia":[{"embeddable":true,"href":"https:\/\/www.europesays.com\/it\/wp-json\/wp\/v2\/media\/646905"}],"wp:attachment":[{"href":"https:\/\/www.europesays.com\/it\/wp-json\/wp\/v2\/media?parent=646904"}],"wp:term":[{"taxonomy":"category","embeddable":true,"href":"https:\/\/www.europesays.com\/it\/wp-json\/wp\/v2\/categories?post=646904"},{"taxonomy":"post_tag","embeddable":true,"href":"https:\/\/www.europesays.com\/it\/wp-json\/wp\/v2\/tags?post=646904"}],"curies":[{"name":"wp","href":"https:\/\/api.w.org\/{rel}","templated":true}]}}