{"id":646960,"date":"2026-08-24T10:11:13","date_gmt":"2026-08-24T10:11:13","guid":{"rendered":"https:\/\/www.europesays.com\/it\/646960\/"},"modified":"2026-08-24T10:11:13","modified_gmt":"2026-08-24T10:11:13","slug":"golf-ai-cussini-priani-e-pirazzi-la-summer-louisiana","status":"publish","type":"post","link":"https:\/\/www.europesays.com\/it\/646960\/","title":{"rendered":"Golf, ai cussini Priani e Pirazzi la \u201cSummer Louisiana\u201d"},"content":{"rendered":"<p>Domenica si \u00e8 svolta sui Green del CUS Ferrara la Summer Louisiana, una gara a coppie organizzata per proseguire l\u2019allenamento estivo in vista della ripresa della stagione sportiva, che vedr\u00e0 nuovamente protagoniste le consuete competizioni individuali. Ben 32 coppie si sono presentate sul tee di partenza, pronte a prepararsi al meglio per i prossimi appuntamenti agonistici e a sfidarsi in un clima di grande sportivit\u00e0, divertimento e fair play. Una giornata all\u2019insegna del golf e della condivisione, che ha permesso ai partecipanti di mantenere vivo lo spirito competitivo durante la pausa estiva e di avvicinarsi con entusiasmo alla nuova stagione.<\/p>\n<p>La gara \u00e8 stata accompagnata da un clima ideale che ha regalato ai partecipanti una piacevole tregua dopo gli ultimi giorni caratterizzati dall\u2019intensa afa estiva. A sbaragliare la concorrenza \u00e8 stata la coppia formata da Sergio Priani e Paolo Pirazzi portacolori di casa, che, con un fantastico punteggio di 39 punti lordi, pari a 3 colpi sotto il par del campo (-3), si \u00e8 aggiudicata la competizione.<\/p>\n<p>Di seguito il risultato di tutte le coppie vincitrici:<\/p>\n<p>1\u00b0 Coppia Lordo               PRIANI-PIRAZZI                             39<\/p>\n<p>1\u00b0 Coppia Netto               COSTOLA-CASIRAGHI                   44<\/p>\n<p>2\u00b0 Coppia Netto               PELLEGRINI-MAGISTRIS               43<\/p>\n<p>1\u00b0 Coppia Mista                FRANCHINI \/ KROOK                   41<\/p>\n<p>Prossimo appuntamento Domenica 30 agosto con la quarta edizione della Silvy Beauty Golf Cup.<\/p>\n<p>\t\t\t\tGrazie per aver letto questo articolo&#8230;<\/p>\n<p>Da 20 anni\u00a0<a class=\"vglnk\" href=\"https:\/\/www.estense.com\/\" rel=\"nofollow noopener\" target=\"_blank\">Estense.com<\/a>\u00a0offre una informazione indipendente ai suoi lettori e non ha mai accettato fondi pubblici per non pesare nemmeno un centesimo sulle spalle della collettivit\u00e0. Il lavoro che svolgiamo ha un costo economico non indifferente e la pubblicit\u00e0 dei privati non sempre \u00e8 sufficiente.<br \/>Per questo chiediamo a chi quotidianamente ci legge e, speriamo, ci apprezza di darci un piccolo contributo in base alle proprie possibilit\u00e0. Anche un piccolo sostegno, moltiplicato per le decine di migliaia di ferraresi che ci leggono ogni giorno, pu\u00f2 diventare fondamentale.<\/p>\n<p>\u00a0<\/p>\n<p><strong>OPPURE <\/strong>se preferisci non usare PayPal ma un normale bonifico bancario (anche periodico) puoi intestarlo a:<\/p>\n<p><strong>Scoop Media Edit<br \/><\/strong>IBAN:\u00a0<strong>IT06D0538713004000000035119 <\/strong>(Banca BPER)<br \/>Causale:\u00a0<strong>Donazione per\u00a0<a class=\"vglnk\" href=\"https:\/\/www.estense.com\/\" rel=\"nofollow noopener\" target=\"_blank\">Estense.com<\/a><\/strong><\/p>\n","protected":false},"excerpt":{"rendered":"Domenica si \u00e8 svolta sui Green del CUS Ferrara la Summer Louisiana, una gara a coppie organizzata per&hellip;\n","protected":false},"author":3,"featured_media":646961,"comment_status":"","ping_status":"","sticky":false,"template":"","format":"standard","meta":{"footnotes":"","_share_on_mastodon":"0"},"categories":[1475],"tags":[2646,1933,1537,90,89,245,244],"class_list":["post-646960","post","type-post","status-publish","format-standard","has-post-thumbnail","category-golf","tag-altri-sport","tag-golf","tag-it","tag-italia","tag-italy","tag-sport","tag-sports"],"share_on_mastodon":{"url":"https:\/\/pubeurope.com\/@it\/117149950738266327","error":""},"_links":{"self":[{"href":"https:\/\/www.europesays.com\/it\/wp-json\/wp\/v2\/posts\/646960","targetHints":{"allow":["GET"]}}],"collection":[{"href":"https:\/\/www.europesays.com\/it\/wp-json\/wp\/v2\/posts"}],"about":[{"href":"https:\/\/www.europesays.com\/it\/wp-json\/wp\/v2\/types\/post"}],"author":[{"embeddable":true,"href":"https:\/\/www.europesays.com\/it\/wp-json\/wp\/v2\/users\/3"}],"replies":[{"embeddable":true,"href":"https:\/\/www.europesays.com\/it\/wp-json\/wp\/v2\/comments?post=646960"}],"version-history":[{"count":0,"href":"https:\/\/www.europesays.com\/it\/wp-json\/wp\/v2\/posts\/646960\/revisions"}],"wp:featuredmedia":[{"embeddable":true,"href":"https:\/\/www.europesays.com\/it\/wp-json\/wp\/v2\/media\/646961"}],"wp:attachment":[{"href":"https:\/\/www.europesays.com\/it\/wp-json\/wp\/v2\/media?parent=646960"}],"wp:term":[{"taxonomy":"category","embeddable":true,"href":"https:\/\/www.europesays.com\/it\/wp-json\/wp\/v2\/categories?post=646960"},{"taxonomy":"post_tag","embeddable":true,"href":"https:\/\/www.europesays.com\/it\/wp-json\/wp\/v2\/tags?post=646960"}],"curies":[{"name":"wp","href":"https:\/\/api.w.org\/{rel}","templated":true}]}}