{"id":646982,"date":"2026-08-24T10:25:17","date_gmt":"2026-08-24T10:25:17","guid":{"rendered":"https:\/\/www.europesays.com\/it\/646982\/"},"modified":"2026-08-24T10:25:17","modified_gmt":"2026-08-24T10:25:17","slug":"pierfrancesco-favino-compie-57-anni-il-soprannome-lamore-per-anna-ferzetti-e-la-famiglia-crescere-con-le-donne-mi-ha-insegnato-a-non-avere-paura-2","status":"publish","type":"post","link":"https:\/\/www.europesays.com\/it\/646982\/","title":{"rendered":"Pierfrancesco Favino compie 57 anni. Il soprannome, l\u2019amore per Anna Ferzetti e la famiglia: \u00abCrescere con le donne mi ha insegnato a non avere paura\u00bb"},"content":{"rendered":"<p>                Il pap\u00e0 <img decoding=\"async\" alt=\"\" src=\"https:\/\/www.europesays.com\/it\/wp-content\/uploads\/2026\/08\/favino2_23160845.jpg\"\/> <\/p>\n<p>In un\u2019intervista rilasciata a Vanity Fair, <strong><a href=\"https:\/\/www.leggo.it\/t\/pierfrancesco-favino\" rel=\"nofollow noopener\" target=\"_blank\">Pierfrancesco Favino<\/a><\/strong> racconta come suo padre sia stato molto importante per la sua formazione. \u00abEra un uomo del \u201922, rimasto orfano da bambino, molto compunto, affetto formale\u00bb, dichiara l\u2019attore, spiegando come il padre, pur essendo imbarazzato dalle dimostrazioni di affetto, gli trasmette una grande sensibilit\u00e0: \u00abLa mia sensibilit\u00e0, che definirei banalmente pi\u00f9 femminile, deriva da lui, che in realt\u00e0 era quello che davanti a un film piangeva di pi\u00f9, anche se poi si vergognava\u00bb. <\/p>\n","protected":false},"excerpt":{"rendered":"Il pap\u00e0 In un\u2019intervista rilasciata a Vanity Fair, Pierfrancesco Favino racconta come suo padre sia stato molto importante&hellip;\n","protected":false},"author":3,"featured_media":646698,"comment_status":"","ping_status":"","sticky":false,"template":"","format":"standard","meta":{"footnotes":"","_share_on_mastodon":"0"},"categories":[1442],"tags":[5163,203,454,204,1537,90,89,1521,41462],"class_list":["post-646982","post","type-post","status-publish","format-standard","has-post-thumbnail","category-film","tag-compleanno","tag-entertainment","tag-film","tag-intrattenimento","tag-it","tag-italia","tag-italy","tag-movies","tag-pierfrancesco-favino"],"share_on_mastodon":{"url":"https:\/\/pubeurope.com\/@it\/117150005924832652","error":""},"_links":{"self":[{"href":"https:\/\/www.europesays.com\/it\/wp-json\/wp\/v2\/posts\/646982","targetHints":{"allow":["GET"]}}],"collection":[{"href":"https:\/\/www.europesays.com\/it\/wp-json\/wp\/v2\/posts"}],"about":[{"href":"https:\/\/www.europesays.com\/it\/wp-json\/wp\/v2\/types\/post"}],"author":[{"embeddable":true,"href":"https:\/\/www.europesays.com\/it\/wp-json\/wp\/v2\/users\/3"}],"replies":[{"embeddable":true,"href":"https:\/\/www.europesays.com\/it\/wp-json\/wp\/v2\/comments?post=646982"}],"version-history":[{"count":0,"href":"https:\/\/www.europesays.com\/it\/wp-json\/wp\/v2\/posts\/646982\/revisions"}],"wp:featuredmedia":[{"embeddable":true,"href":"https:\/\/www.europesays.com\/it\/wp-json\/wp\/v2\/media\/646698"}],"wp:attachment":[{"href":"https:\/\/www.europesays.com\/it\/wp-json\/wp\/v2\/media?parent=646982"}],"wp:term":[{"taxonomy":"category","embeddable":true,"href":"https:\/\/www.europesays.com\/it\/wp-json\/wp\/v2\/categories?post=646982"},{"taxonomy":"post_tag","embeddable":true,"href":"https:\/\/www.europesays.com\/it\/wp-json\/wp\/v2\/tags?post=646982"}],"curies":[{"name":"wp","href":"https:\/\/api.w.org\/{rel}","templated":true}]}}