{"id":647024,"date":"2026-08-24T10:59:13","date_gmt":"2026-08-24T10:59:13","guid":{"rendered":"https:\/\/www.europesays.com\/it\/647024\/"},"modified":"2026-08-24T10:59:13","modified_gmt":"2026-08-24T10:59:13","slug":"giovanni-orani-trovato-morto-limprenditore-44enne-era-scomparso-da-giorni","status":"publish","type":"post","link":"https:\/\/www.europesays.com\/it\/647024\/","title":{"rendered":"Giovanni Orani trovato morto: l&#8217;imprenditore 44enne era scomparso da giorni"},"content":{"rendered":"<p>&#13;<br \/>\n                               &#13;<br \/>\n                                                &#13;<br \/>\n                &#13;<\/p>\n<p>Si \u00e8 conclusa nel modo pi\u00f9 drammatico la vicenda di <strong>Giovanni Orani<\/strong>, l&#8217;imprenditore sassarese di 44 anni di cui si erano perse le tracce nella giornata di venerd\u00ec 21 agosto. Come riportato da Sassari Today, il tragico epilogo \u00e8 arrivato nella tarda serata di domenica 23 agosto lungo la strada statale 127, in localit\u00e0 Scala di Giocca, zona in cui si erano focalizzate le operazioni nell&#8217;ultimo periodo.<\/p>\n<p>&#13;<br \/>\n&#13;<\/p>\n<p>A far scattare il recupero \u00e8 stata una segnalazione giunta ai Vigili del Fuoco relativa a un veicolo precipitato per circa 30 metri in un dirupo oltre la scarpata: all&#8217;interno dell&#8217;abitacolo si trovava il corpo ormai privo di vita dell&#8217;uomo.<\/p>\n<p>&#13;<br \/>\n&#13;<br \/>\nLa scomparsa e le ricerche&#13;<br \/>\n&#13;<\/p>\n<p>L&#8217;allarme per la scomparsa del 44enne era scattato venerd\u00ec sera, momento in cui Orani si era allontanato dalla propria residenza in via Emilio Lussu senza condurre con s\u00e9 il cellulare n\u00e9 i documenti personali. <\/p>\n<p>Fin dalle prime ore successive all&#8217;allontanamento era stata attivata una complessa macchina delle ricerche con il dispiegamento delle forze dell&#8217;ordine e dei soccorritori. A fare da eco alle operazioni sul campo erano stati anche i disperati appelli dei familiari, che attraverso la condivisione sui canali social avevano chiesto il supporto di tutti per cercare di rintracciare l&#8217;imprenditore.                                &#13;<br \/>\n                &#13;<br \/>\n&#13;<br \/>\n                Ultimo aggiornamento: luned\u00ec 24 agosto 2026, 12:12&#13;<br \/>\n                <br \/>&#13;<br \/>\n                &#13;<br \/>\n                  &#13;<br \/>\n                    &#13;<br \/>\n                        \u00a9 RIPRODUZIONE RISERVATA&#13;<\/p>\n<p>&#13;<\/p>\n<p>                    &#13;<\/p>\n","protected":false},"excerpt":{"rendered":"&#13; &#13; &#13; &#13; Si \u00e8 conclusa nel modo pi\u00f9 drammatico la vicenda di Giovanni Orani, l&#8217;imprenditore sassarese&hellip;\n","protected":false},"author":3,"featured_media":647025,"comment_status":"","ping_status":"","sticky":false,"template":"","format":"standard","meta":{"footnotes":"","_share_on_mastodon":"0"},"categories":[79],"tags":[14,93,94,357160,1537,90,89,7,15,12118,357161,11,84,91,12,85,92],"class_list":["post-647024","post","type-post","status-publish","format-standard","has-post-thumbnail","category-italia","tag-cronaca","tag-cronaca-italiana","tag-cronacaitaliana","tag-giovanni-orani-scomparso","tag-it","tag-italia","tag-italy","tag-news","tag-notizie","tag-sassari","tag-scala-di-giocca","tag-ultime-notizie","tag-ultime-notizie-e-news-di-oggi","tag-ultime-notizie-italia","tag-ultimenotizie","tag-ultimenotizieenewsdioggi","tag-ultimenotizieitalia"],"share_on_mastodon":{"url":"https:\/\/pubeurope.com\/@it\/117150139409812049","error":""},"_links":{"self":[{"href":"https:\/\/www.europesays.com\/it\/wp-json\/wp\/v2\/posts\/647024","targetHints":{"allow":["GET"]}}],"collection":[{"href":"https:\/\/www.europesays.com\/it\/wp-json\/wp\/v2\/posts"}],"about":[{"href":"https:\/\/www.europesays.com\/it\/wp-json\/wp\/v2\/types\/post"}],"author":[{"embeddable":true,"href":"https:\/\/www.europesays.com\/it\/wp-json\/wp\/v2\/users\/3"}],"replies":[{"embeddable":true,"href":"https:\/\/www.europesays.com\/it\/wp-json\/wp\/v2\/comments?post=647024"}],"version-history":[{"count":0,"href":"https:\/\/www.europesays.com\/it\/wp-json\/wp\/v2\/posts\/647024\/revisions"}],"wp:featuredmedia":[{"embeddable":true,"href":"https:\/\/www.europesays.com\/it\/wp-json\/wp\/v2\/media\/647025"}],"wp:attachment":[{"href":"https:\/\/www.europesays.com\/it\/wp-json\/wp\/v2\/media?parent=647024"}],"wp:term":[{"taxonomy":"category","embeddable":true,"href":"https:\/\/www.europesays.com\/it\/wp-json\/wp\/v2\/categories?post=647024"},{"taxonomy":"post_tag","embeddable":true,"href":"https:\/\/www.europesays.com\/it\/wp-json\/wp\/v2\/tags?post=647024"}],"curies":[{"name":"wp","href":"https:\/\/api.w.org\/{rel}","templated":true}]}}