{"id":647043,"date":"2026-08-24T11:18:24","date_gmt":"2026-08-24T11:18:24","guid":{"rendered":"https:\/\/www.europesays.com\/it\/647043\/"},"modified":"2026-08-24T11:18:24","modified_gmt":"2026-08-24T11:18:24","slug":"marta-conquista-il-cuore-di-jovanotti-il-regalo-del-cantante-alla-bambina-di-catanzaro","status":"publish","type":"post","link":"https:\/\/www.europesays.com\/it\/647043\/","title":{"rendered":"Marta conquista il cuore di Jovanotti: il regalo del cantante alla bambina di Catanzaro"},"content":{"rendered":"<p><img decoding=\"async\" _ngcontent-sc101=\"\" width=\"600\" class=\"img-responsive img-evidenza\" src=\"https:\/\/www.europesays.com\/it\/wp-content\/uploads\/2026\/08\/dfb29c09-52fc-4864-9693-13b220d1f3bd_photo-2026-08-23-16-20-47_watermark.jpg\" title=\"Marta conquista il cuore di Jovanotti: il regalo del cantante alla bambina di Catanzaro\" alt=\"images Marta conquista il cuore di Jovanotti: il regalo del cantante alla bambina di Catanzaro\"\/><br _ngcontent-sc101=\"\"\/>\u00a0\u00a023 agosto 2026 16:33<\/p>\n<p>di FILIPPO COPPOLETTA<\/p>\n<p>Sulle spalle di pap\u00e0 Libero, stretta alla sua mano quando possibile e accanto a mamma Vanessa, la piccola Marta, 9 anni, ha vissuto una serata che difficilmente potr\u00e0 dimenticare. Per ore ha cantato, sorriso e seguito con gli occhi ogni movimento del suo idolo, Jovanotti, ripetendo con sorprendente entusiasmo i brani di un repertorio che, nonostante la giovanissima et\u00e0, conosce praticamente a memoria.\u00a0<\/p>\n<p>Un amore nato quattro anni fa, quando i suoi genitori, entrambi catanzaresi, decisero di partecipare per la prima volta al Jova Beach Party di Roccella Jonica. Da quella giornata \u00e8 iniziata una passione diventata sempre pi\u00f9 forte, fino ad accompagnare Marta alla tappa catanzarese del <strong>Jova Summer Party \u2013 L\u2019Arca di Lor\u00e9. <\/strong>Una grande festa che ha richiamato <strong>quasi 30 mila persone<\/strong>, trasformando Catanzaro per un\u2019intera giornata in uno dei cuori della musica italiana.<\/p>\n<p>Tra le migliaia di volti presenti sotto il palco, uno in particolare sembra aver attirato l\u2019attenzione di Lorenzo. Quello di Marta, una bambina arrivata alla festa con la sua famiglia e rimasta per tutta la serata immersa nelle canzoni del suo artista preferito. E alla fine \u00e8 arrivata la sorpresa che nessuno avrebbe potuto immaginare.<\/p>\n<p>Al termine del concerto, Jovanotti si \u00e8 tolto il <strong>cappello che aveva indossato per tutta la durata dello show<\/strong> e lo ha lanciato dal palco proprio nella direzione della piccola Marta. Un gesto spontaneo, semplice, quasi istintivo, ma capace di trasformare una serata gi\u00e0 speciale in un ricordo destinato a rimanere per sempre. <a href=\"https:\/\/www.facebook.com\/reel\/1538965110890843\" rel=\"nofollow noopener\" target=\"_blank\"><strong>GUARDA IL VIDEO<\/strong><\/a><\/p>\n<p>&#8220;Un&#8217;esperienza che rester\u00e0 per sempre nel mio cuore&#8221;. Cos\u00ec l&#8217;ha definita Marta mentre, per mano con mamma e pap\u00e0, si apprestava ieri a lasciare l&#8217;arena tra le carezze e le strette di mano dei tanti presenti che hanno condiviso con lei l&#8217;emozione e la sorpresa di quel momento magico.\u00a0<\/p>\n<p _ngcontent-sc101=\"\" class=\"follow\"> Segui La Nuova Calabria sui social<\/p>\n","protected":false},"excerpt":{"rendered":"\u00a0\u00a023 agosto 2026 16:33 di FILIPPO COPPOLETTA Sulle spalle di pap\u00e0 Libero, stretta alla sua mano quando possibile&hellip;\n","protected":false},"author":3,"featured_media":647044,"comment_status":"","ping_status":"","sticky":false,"template":"","format":"standard","meta":{"footnotes":"","_share_on_mastodon":"0"},"categories":[1443],"tags":[6185,14,203,204,1537,90,89,1538,1539,15,477],"class_list":["post-647043","post","type-post","status-publish","format-standard","has-post-thumbnail","category-musica","tag-calabria","tag-cronaca","tag-entertainment","tag-intrattenimento","tag-it","tag-italia","tag-italy","tag-music","tag-musica","tag-notizie","tag-politica"],"share_on_mastodon":{"url":"https:\/\/pubeurope.com\/@it\/117150214200748115","error":""},"_links":{"self":[{"href":"https:\/\/www.europesays.com\/it\/wp-json\/wp\/v2\/posts\/647043","targetHints":{"allow":["GET"]}}],"collection":[{"href":"https:\/\/www.europesays.com\/it\/wp-json\/wp\/v2\/posts"}],"about":[{"href":"https:\/\/www.europesays.com\/it\/wp-json\/wp\/v2\/types\/post"}],"author":[{"embeddable":true,"href":"https:\/\/www.europesays.com\/it\/wp-json\/wp\/v2\/users\/3"}],"replies":[{"embeddable":true,"href":"https:\/\/www.europesays.com\/it\/wp-json\/wp\/v2\/comments?post=647043"}],"version-history":[{"count":0,"href":"https:\/\/www.europesays.com\/it\/wp-json\/wp\/v2\/posts\/647043\/revisions"}],"wp:featuredmedia":[{"embeddable":true,"href":"https:\/\/www.europesays.com\/it\/wp-json\/wp\/v2\/media\/647044"}],"wp:attachment":[{"href":"https:\/\/www.europesays.com\/it\/wp-json\/wp\/v2\/media?parent=647043"}],"wp:term":[{"taxonomy":"category","embeddable":true,"href":"https:\/\/www.europesays.com\/it\/wp-json\/wp\/v2\/categories?post=647043"},{"taxonomy":"post_tag","embeddable":true,"href":"https:\/\/www.europesays.com\/it\/wp-json\/wp\/v2\/tags?post=647043"}],"curies":[{"name":"wp","href":"https:\/\/api.w.org\/{rel}","templated":true}]}}